{"id":7451,"date":"2019-04-03T11:35:27","date_gmt":"2019-04-03T09:35:27","guid":{"rendered":"http:\/\/blog.liesdoch.de\/?p=7451"},"modified":"2019-04-03T11:35:27","modified_gmt":"2019-04-03T09:35:27","slug":"die-honigbiene","status":"publish","type":"post","link":"https:\/\/blog.liesdoch.de\/?p=7451","title":{"rendered":"Die Honigbiene"},"content":{"rendered":"<p>&nbsp;<\/p>\n<p><a href=\"http:\/\/blog.liesdoch.de\/wp-content\/uploads\/2019\/04\/54466726n.jpg\"><img loading=\"lazy\" decoding=\"async\" class=\"alignnone size-medium wp-image-7452\" src=\"http:\/\/blog.liesdoch.de\/wp-content\/uploads\/2019\/04\/54466726n-240x300.jpg\" alt=\"\" width=\"240\" height=\"300\" srcset=\"https:\/\/blog.liesdoch.de\/wp-content\/uploads\/2019\/04\/54466726n-240x300.jpg 240w, https:\/\/blog.liesdoch.de\/wp-content\/uploads\/2019\/04\/54466726n.jpg 242w\" sizes=\"auto, (max-width: 240px) 100vw, 240px\" \/><\/a><\/p>\n<p>Kirsten Hall, Isabelle Arsenault, Die Honigbiene, Nord S\u00fcd Verlag 2019, ISBN 978-3-314-10474-9<\/p>\n<p>&nbsp;<\/p>\n<p>&nbsp;<\/p>\n<p>Aus dem Englischen \u00fcbersetzt von Anna Schaub pr\u00e4sentiert der NordS\u00fcd Verlag in Z\u00fcrich in seinem Fr\u00fchjahrsprogramm 2019 ein empfehlenswertes Sachbildbuch \u00fcber die Honigbiene, das die Kinderbuchautorin Kirsten Hall geschrieben und die in Kanada sehr renommierte K\u00fcnstlerin Isabelle Arsenault in den K\u00f6rperfarben der Bienen angelehnten pastelligen Farbt\u00f6nen anspruchsvoll illustriert hat.<\/p>\n<p>&nbsp;<\/p>\n<p>In sch\u00f6nen Sprachreimen, die das Vorlesen dieses Bilderbuches zu einem Erlebnis machen, werden das Leben und die Aufgaben der Bienen anschaulich beschrieben.<\/p>\n<p>&nbsp;<\/p>\n<p>Die Bienen sind \u00fcberall auf der Welt durch Umweltver\u00e4nderungen, die der Mensch verantwortet, etwa durch intensive Landwirtschaft, zu einer ernsthaft gef\u00e4hrdeten Art geworden. Darauf weist Kirsten Hall die Kinder und ihre erwachsenen Vorleser in einem einseitigen Text nachdr\u00fccklich hin und gibt ihnen wettvolle Hinweise, wie sie durch einfache eigene Handlungen schon dazu beitragen k\u00f6nnen, dass der Lebensraum der Bienen gesch\u00fctzt bleibt:\u00a0 \u201eLasst uns gemeinsam F\u00fcrsprecher der Bienen sein!\u201c<\/p>\n","protected":false},"excerpt":{"rendered":"<p>&nbsp; Kirsten Hall, Isabelle Arsenault, Die Honigbiene, Nord S\u00fcd Verlag 2019, ISBN 978-3-314-10474-9 &nbsp; &nbsp; Aus dem Englischen \u00fcbersetzt von Anna Schaub pr\u00e4sentiert der NordS\u00fcd Verlag in Z\u00fcrich in seinem Fr\u00fchjahrsprogramm 2019 ein empfehlenswertes Sachbildbuch \u00fcber die Honigbiene, das die Kinderbuchautorin Kirsten Hall geschrieben und die in Kanada sehr renommierte K\u00fcnstlerin Isabelle Arsenault in den &hellip; <a href=\"https:\/\/blog.liesdoch.de\/?p=7451\" class=\"more-link\"><span class=\"screen-reader-text\">Die Honigbiene<\/span> weiterlesen <span class=\"meta-nav\">&rarr;<\/span><\/a><\/p>\n","protected":false},"author":6,"featured_media":0,"comment_status":"closed","ping_status":"open","sticky":false,"template":"","format":"standard","meta":{"footnotes":""},"categories":[1],"tags":[],"class_list":["post-7451","post","type-post","status-publish","format-standard","hentry","category-allgemein"],"_links":{"self":[{"href":"https:\/\/blog.liesdoch.de\/index.php?rest_route=\/wp\/v2\/posts\/7451","targetHints":{"allow":["GET"]}}],"collection":[{"href":"https:\/\/blog.liesdoch.de\/index.php?rest_route=\/wp\/v2\/posts"}],"about":[{"href":"https:\/\/blog.liesdoch.de\/index.php?rest_route=\/wp\/v2\/types\/post"}],"author":[{"embeddable":true,"href":"https:\/\/blog.liesdoch.de\/index.php?rest_route=\/wp\/v2\/users\/6"}],"replies":[{"embeddable":true,"href":"https:\/\/blog.liesdoch.de\/index.php?rest_route=%2Fwp%2Fv2%2Fcomments&post=7451"}],"version-history":[{"count":1,"href":"https:\/\/blog.liesdoch.de\/index.php?rest_route=\/wp\/v2\/posts\/7451\/revisions"}],"predecessor-version":[{"id":7453,"href":"https:\/\/blog.liesdoch.de\/index.php?rest_route=\/wp\/v2\/posts\/7451\/revisions\/7453"}],"wp:attachment":[{"href":"https:\/\/blog.liesdoch.de\/index.php?rest_route=%2Fwp%2Fv2%2Fmedia&parent=7451"}],"wp:term":[{"taxonomy":"category","embeddable":true,"href":"https:\/\/blog.liesdoch.de\/index.php?rest_route=%2Fwp%2Fv2%2Fcategories&post=7451"},{"taxonomy":"post_tag","embeddable":true,"href":"https:\/\/blog.liesdoch.de\/index.php?rest_route=%2Fwp%2Fv2%2Ftags&post=7451"}],"curies":[{"name":"wp","href":"https:\/\/api.w.org\/{rel}","templated":true}]}}