{"id":7474,"date":"2019-04-04T14:04:30","date_gmt":"2019-04-04T12:04:30","guid":{"rendered":"http:\/\/blog.liesdoch.de\/?p=7474"},"modified":"2019-04-04T14:04:30","modified_gmt":"2019-04-04T12:04:30","slug":"wenn-man-weiss-wo-der-verstand-ist-hat-der-tag-struktur","status":"publish","type":"post","link":"https:\/\/blog.liesdoch.de\/?p=7474","title":{"rendered":"Wenn  man wei\u00df, wo der Verstand ist, hat der Tag Struktur"},"content":{"rendered":"<p>&nbsp;<\/p>\n<p>&nbsp;<\/p>\n<p><a href=\"http:\/\/blog.liesdoch.de\/wp-content\/uploads\/2019\/04\/54345131n.jpg\"><img loading=\"lazy\" decoding=\"async\" class=\"alignnone size-medium wp-image-7475\" src=\"http:\/\/blog.liesdoch.de\/wp-content\/uploads\/2019\/04\/54345131n-189x300.jpg\" alt=\"\" width=\"189\" height=\"300\" srcset=\"https:\/\/blog.liesdoch.de\/wp-content\/uploads\/2019\/04\/54345131n-189x300.jpg 189w, https:\/\/blog.liesdoch.de\/wp-content\/uploads\/2019\/04\/54345131n.jpg 242w\" sizes=\"auto, (max-width: 189px) 100vw, 189px\" \/><\/a><\/p>\n<p>Alexander Unzicker, Wenn\u00a0 man wei\u00df, wo der Verstand ist, hat der Tag Struktur, Westend Verlag 2019, ISBN 978-3-86489-244-8<\/p>\n<p>&nbsp;<\/p>\n<p>Eine dringend n\u00f6tige \u201eAnleitung zum Selberdenken in verr\u00fcckten Zeiten\u201c hat der Physiker, Jurist und Kognitionspsychologe Alexander Unzicker in diesem Buch vorgelegt. Sehr \u00fcberzeugend beschreibt er ein Ph\u00e4nomen, das mich pers\u00f6nlich als ein politisch seit meiner fr\u00fchen Jugend interessierter Mensch schon lange umtreibt. Obwohl ich wie ehedem die Nachrichten verfolge, ausf\u00fchrlich jeden Donnerstag die \u201eZEIT\u201c lese und mich t\u00e4glich \u00fcber die Onlineversionen der klassischen Tageszeitungen wie FAZ, SZ, sowie dem Onlineportalen von NTV und HR \u00fcber das Tages- und Weltgeschehen informiere, habe ich seit langem den Eindruck, im Gegensatz zu fr\u00fcheren Zeiten mit kein objektives Bild mehr vom Geschehen in der Welt machen zu k\u00f6nnen, nicht mehr die verwickelten Zusammenh\u00e4nge zu erkennen und mir zunehmend schwerer eine eigene Meinung und Haltung bilden zu k\u00f6nnen. Immer schnellere und h\u00e4ufiger \u201eBreaking News\u201c auf dem Smartphone lenken ab von den Entwicklungen, die im Hintergrund laufen und die nur selten mit Hintergrundinformationen kritisch beleuchtet werden.<\/p>\n<p>&nbsp;<\/p>\n<p>Alexander Unzicker analysiert all diese Herausforderungen f\u00fcr unser Denken im postfaktischen Zeitalter und schafft mit seinem Buch Orientierung im gro\u00dfen Durcheinander. Vor allem aber fordert er von uns allen mehr Mut, den eigenen Verstand zu gebrauchen &#8211; auch ohne fremde Anleitung.<\/p>\n<p>&nbsp;<\/p>\n<p>Immer wieder pl\u00e4diert er mit vielen anschaulichen Beispielen daf\u00fcr, sich von der Flut der News nicht verr\u00fcckt machen zu lassen, sondern in Ruhe selbst\u00e4ndig \u00fcber das Wesentliche in der Welt und in meinem eigenen Leben nachzudenken.<\/p>\n<p>&nbsp;<\/p>\n<p>Ohne fremde Anleitung den eigenen\u00a0 Verstand gebrauchen, das w\u00e4re mal eine Alternative zu dem unendlichen Nachrichtenkonsum und der Lekt\u00fcre des x-ten Kommentars.<\/p>\n<p>&nbsp;<\/p>\n<p>Seine Idee, wenigstens zeitweise mal auf Medienkonsum zu verzichten und sich den permanenten Breaking News f\u00fcr eine gewisse Zeit zu verweigern, hat mir gefallen und ich werde es vielleicht einmal probieren.<\/p>\n<p>&nbsp;<\/p>\n<p>Ein \u201eNachrichtenfasten\u201c w\u00e4re vielleicht auch eine Idee f\u00fcr die n\u00e4chste Aktion \u201e40 Tage ohne\u201c der Kirchen.<\/p>\n<p>&nbsp;<\/p>\n","protected":false},"excerpt":{"rendered":"<p>&nbsp; &nbsp; Alexander Unzicker, Wenn\u00a0 man wei\u00df, wo der Verstand ist, hat der Tag Struktur, Westend Verlag 2019, ISBN 978-3-86489-244-8 &nbsp; Eine dringend n\u00f6tige \u201eAnleitung zum Selberdenken in verr\u00fcckten Zeiten\u201c hat der Physiker, Jurist und Kognitionspsychologe Alexander Unzicker in diesem Buch vorgelegt. Sehr \u00fcberzeugend beschreibt er ein Ph\u00e4nomen, das mich pers\u00f6nlich als ein politisch seit &hellip; <a href=\"https:\/\/blog.liesdoch.de\/?p=7474\" class=\"more-link\"><span class=\"screen-reader-text\">Wenn  man wei\u00df, wo der Verstand ist, hat der Tag Struktur<\/span> weiterlesen <span class=\"meta-nav\">&rarr;<\/span><\/a><\/p>\n","protected":false},"author":6,"featured_media":0,"comment_status":"closed","ping_status":"open","sticky":false,"template":"","format":"standard","meta":{"footnotes":""},"categories":[1],"tags":[],"class_list":["post-7474","post","type-post","status-publish","format-standard","hentry","category-allgemein"],"_links":{"self":[{"href":"https:\/\/blog.liesdoch.de\/index.php?rest_route=\/wp\/v2\/posts\/7474","targetHints":{"allow":["GET"]}}],"collection":[{"href":"https:\/\/blog.liesdoch.de\/index.php?rest_route=\/wp\/v2\/posts"}],"about":[{"href":"https:\/\/blog.liesdoch.de\/index.php?rest_route=\/wp\/v2\/types\/post"}],"author":[{"embeddable":true,"href":"https:\/\/blog.liesdoch.de\/index.php?rest_route=\/wp\/v2\/users\/6"}],"replies":[{"embeddable":true,"href":"https:\/\/blog.liesdoch.de\/index.php?rest_route=%2Fwp%2Fv2%2Fcomments&post=7474"}],"version-history":[{"count":1,"href":"https:\/\/blog.liesdoch.de\/index.php?rest_route=\/wp\/v2\/posts\/7474\/revisions"}],"predecessor-version":[{"id":7476,"href":"https:\/\/blog.liesdoch.de\/index.php?rest_route=\/wp\/v2\/posts\/7474\/revisions\/7476"}],"wp:attachment":[{"href":"https:\/\/blog.liesdoch.de\/index.php?rest_route=%2Fwp%2Fv2%2Fmedia&parent=7474"}],"wp:term":[{"taxonomy":"category","embeddable":true,"href":"https:\/\/blog.liesdoch.de\/index.php?rest_route=%2Fwp%2Fv2%2Fcategories&post=7474"},{"taxonomy":"post_tag","embeddable":true,"href":"https:\/\/blog.liesdoch.de\/index.php?rest_route=%2Fwp%2Fv2%2Ftags&post=7474"}],"curies":[{"name":"wp","href":"https:\/\/api.w.org\/{rel}","templated":true}]}}