{"id":7480,"date":"2019-04-04T14:05:57","date_gmt":"2019-04-04T12:05:57","guid":{"rendered":"http:\/\/blog.liesdoch.de\/?p=7480"},"modified":"2019-04-04T14:05:57","modified_gmt":"2019-04-04T12:05:57","slug":"die-unbewegliche-kirche-franziskus-und-die-verhinderte-revolution","status":"publish","type":"post","link":"https:\/\/blog.liesdoch.de\/?p=7480","title":{"rendered":"Die unbewegliche Kirche. Franziskus und die verhinderte Revolution"},"content":{"rendered":"<p>&nbsp;<\/p>\n<p>&nbsp;<\/p>\n<p>&nbsp;<\/p>\n<p><a href=\"http:\/\/blog.liesdoch.de\/wp-content\/uploads\/2019\/04\/54465509n.jpg\"><img loading=\"lazy\" decoding=\"async\" class=\"alignnone size-medium wp-image-7481\" src=\"http:\/\/blog.liesdoch.de\/wp-content\/uploads\/2019\/04\/54465509n-183x300.jpg\" alt=\"\" width=\"183\" height=\"300\" srcset=\"https:\/\/blog.liesdoch.de\/wp-content\/uploads\/2019\/04\/54465509n-183x300.jpg 183w, https:\/\/blog.liesdoch.de\/wp-content\/uploads\/2019\/04\/54465509n.jpg 242w\" sizes=\"auto, (max-width: 183px) 100vw, 183px\" \/><\/a><\/p>\n<p>Marco Marzano, Die unbewegliche Kirche. Franziskus und die verhinderte Revolution, Herder 2019, ISBN 978-3-451-38751-7<\/p>\n<p>&nbsp;<\/p>\n<p>Wie gro\u00df waren die Hoffnungen auch von Menschen, die sich innerlich schon lange von ihrer Kirche gel\u00f6st hatten, als vor f\u00fcnf Jahren der Argentinier Bergoglio zum Nachfolger des deutschen Papstes Ratzinger gew\u00e4hlt wurde.<\/p>\n<p>&nbsp;<\/p>\n<p>Und gleich zu Beginn seines Pontifikats schienen sich diese Hoffnungen zu erf\u00fcllen. In seiner Sprache, in seinen Gesten, in seinen spirituellen und politischen\u00a0 Botschaften, aber auch in seinen neuen theologischen Ans\u00e4tzen zeigte sich bisher so nicht Gekanntes, stellenweise Unerh\u00f6rtes.<\/p>\n<p>&nbsp;<\/p>\n<p>Vielen auch nichtkirchlichen Menschen \u00fcberall auf der Welt, besonders aber jenen sehns\u00fcchtig auf Reformen ihrer geliebten katholischen Kirche wartenden Menschen galt er schnell als Hoffnungstr\u00e4ger, als ein Papst, der es mit seinem Schwung und seiner Freude vielleicht auch schaffen w\u00fcrde, nicht nur als Reformer nach au\u00dfen zu wirken, sondern auch nach innen in die verkrusteten Strukturen des Vatikans erfolgreich hinein zu reichen.<\/p>\n<p>&nbsp;<\/p>\n<p>Der Professor f\u00fcr Soziologie an der Universit\u00e4t Bergamo, Marco Marzano gilt durch viele B\u00fccher in der letzten Jahren als ein profunder Kenner der inneren Strukturen des Vatikans und der katholischen Kirche. Er anerkennt in seinem neuen hier vorliegenden Buch durchaus die Leistungen von Franziskus, muss allerdings ern\u00fcchtert feststellen, dass der Papst nach hoffnungsvollem Beginn mittlerweile von innen her von seinen Gegnern, die er von Anfang an in gro\u00dfer Zahl hatte, schmachmatt gesetzt wurde. Hielten sie am Anfang des Pontifikats noch die F\u00fc\u00dfe still, treten sie nun unverbl\u00fcmt auf die B\u00fchne und hindern Franziskus an jeglichen inneren Reformen.<\/p>\n<p>&nbsp;<\/p>\n<p>Marzano beschreibt kenntnisreich und f\u00fcr Kirchenlaien sehr aufschlussreich die zahllosen Gr\u00fcnde f\u00fcr die Blockade. Immer wieder, insbesondere in seinem zusammenfasenden Schlusskapitel zeigt Marzano, wohl auch pers\u00f6nlich ziemlich ern\u00fcchtert, auf, dass Franziskus zwar \u201edie Meinungen innerhalb der Kirche in ihrer ganzen Vielfalt miteinander vers\u00f6hnt und, zum Besten der Organisation, die konfligierenden Gruppen und Interessen zu einem stolzen identit\u00e4ren Gebilde zusammengef\u00fcgt hat\u201c,\u00a0 sich aber ansonsten \u201eals betagter, der traditionellen katholischen Identit\u00e4t denkbar zugetaner Priester, als treuer Diener der klerikalen Mentalit\u00e4t, als erste und gr\u00f6\u00dftes Hindernis auf dem Weg zu jeder echten strukturellen Reform der Institution erwiesen\u201c hat.<\/p>\n<p>&nbsp;<\/p>\n<p>\u00dcbrigens: auch f\u00fcr die Zeit nach Franziskus sieht Marzano keine wesentlichen \u00c4nderungen am Horizont, ganz im Gegenteil geht er davon aus, dass sich Strukturen noch verfestigen.<\/p>\n<p>&nbsp;<\/p>\n<p>Keine Hoffnung f\u00fcr aufrechte gl\u00e4ubige Katholiken?<\/p>\n<p>&nbsp;<\/p>\n<p>&nbsp;<\/p>\n<p>&nbsp;<\/p>\n","protected":false},"excerpt":{"rendered":"<p>&nbsp; &nbsp; &nbsp; Marco Marzano, Die unbewegliche Kirche. Franziskus und die verhinderte Revolution, Herder 2019, ISBN 978-3-451-38751-7 &nbsp; Wie gro\u00df waren die Hoffnungen auch von Menschen, die sich innerlich schon lange von ihrer Kirche gel\u00f6st hatten, als vor f\u00fcnf Jahren der Argentinier Bergoglio zum Nachfolger des deutschen Papstes Ratzinger gew\u00e4hlt wurde. &nbsp; Und gleich zu &hellip; <a href=\"https:\/\/blog.liesdoch.de\/?p=7480\" class=\"more-link\"><span class=\"screen-reader-text\">Die unbewegliche Kirche. Franziskus und die verhinderte Revolution<\/span> weiterlesen <span class=\"meta-nav\">&rarr;<\/span><\/a><\/p>\n","protected":false},"author":6,"featured_media":0,"comment_status":"closed","ping_status":"open","sticky":false,"template":"","format":"standard","meta":{"footnotes":""},"categories":[1],"tags":[],"class_list":["post-7480","post","type-post","status-publish","format-standard","hentry","category-allgemein"],"_links":{"self":[{"href":"https:\/\/blog.liesdoch.de\/index.php?rest_route=\/wp\/v2\/posts\/7480","targetHints":{"allow":["GET"]}}],"collection":[{"href":"https:\/\/blog.liesdoch.de\/index.php?rest_route=\/wp\/v2\/posts"}],"about":[{"href":"https:\/\/blog.liesdoch.de\/index.php?rest_route=\/wp\/v2\/types\/post"}],"author":[{"embeddable":true,"href":"https:\/\/blog.liesdoch.de\/index.php?rest_route=\/wp\/v2\/users\/6"}],"replies":[{"embeddable":true,"href":"https:\/\/blog.liesdoch.de\/index.php?rest_route=%2Fwp%2Fv2%2Fcomments&post=7480"}],"version-history":[{"count":1,"href":"https:\/\/blog.liesdoch.de\/index.php?rest_route=\/wp\/v2\/posts\/7480\/revisions"}],"predecessor-version":[{"id":7482,"href":"https:\/\/blog.liesdoch.de\/index.php?rest_route=\/wp\/v2\/posts\/7480\/revisions\/7482"}],"wp:attachment":[{"href":"https:\/\/blog.liesdoch.de\/index.php?rest_route=%2Fwp%2Fv2%2Fmedia&parent=7480"}],"wp:term":[{"taxonomy":"category","embeddable":true,"href":"https:\/\/blog.liesdoch.de\/index.php?rest_route=%2Fwp%2Fv2%2Fcategories&post=7480"},{"taxonomy":"post_tag","embeddable":true,"href":"https:\/\/blog.liesdoch.de\/index.php?rest_route=%2Fwp%2Fv2%2Ftags&post=7480"}],"curies":[{"name":"wp","href":"https:\/\/api.w.org\/{rel}","templated":true}]}}