{"id":7489,"date":"2019-04-04T14:07:52","date_gmt":"2019-04-04T12:07:52","guid":{"rendered":"http:\/\/blog.liesdoch.de\/?p=7489"},"modified":"2019-04-04T14:07:52","modified_gmt":"2019-04-04T12:07:52","slug":"wieso-weshalb-warum-abenteurer-und-entdecker","status":"publish","type":"post","link":"https:\/\/blog.liesdoch.de\/?p=7489","title":{"rendered":"Wieso. Weshalb. Warum. Abenteurer und Entdecker"},"content":{"rendered":"<p>&nbsp;<\/p>\n<p>&nbsp;<\/p>\n<p><a href=\"http:\/\/blog.liesdoch.de\/wp-content\/uploads\/2019\/04\/53769874n.jpg\"><img loading=\"lazy\" decoding=\"async\" class=\"alignnone size-full wp-image-7490\" src=\"http:\/\/blog.liesdoch.de\/wp-content\/uploads\/2019\/04\/53769874n.jpg\" alt=\"\" width=\"242\" height=\"285\" \/><\/a><\/p>\n<p>Susanne Gernh\u00e4user, Peter Friedl, Wieso. Weshalb. Warum. Abenteurer und Entdecker, Ravensburger Verlag 2019, ISBN 978-3-473-32947-2<\/p>\n<p>&nbsp;<\/p>\n<p>Dieses Buch aus der durchweg empfehlenswerten Sachbuchreihe Wieso? Weshalb? Warum? f\u00fcr Kinder von vier bis sieben Jahren aus dem Ravensburger Verlag gibt auf insgesamt acht Doppelseiten mit vielen Klappen, die Einblicke erm\u00f6glichen und\u00a0 Bewegungen und Abl\u00e4ufe veranschaulichen, eine Einf\u00fchrung in ein Thema, das mich pers\u00f6nlich als Kind sehr interessiert hat, und mit dem sich auch heute Kinder schon im Kindergartenalter gerne besch\u00e4ftigen, den Abenteurern und Entdeckern diese Welt.<\/p>\n<p>&nbsp;<\/p>\n<p>Zun\u00e4chst wird beschrieben, warum Menschen wie etwa die Wikinger schon im fr\u00fchen Mittelalter ihre Heimat verlassen und sich auf den Weg nach neuen L\u00e4ndern gemacht haben. Weitere Seiten beschreiben, wie diese Abenteurer neue und unbekannte L\u00e4nder entdeckt haben, erkl\u00e4ren das Leben an Bord der engen Schiffe und erz\u00e4hlen sehr kritisch von den schrecklichen Folgen f\u00fcr die die einheimischen Bewohner der eroberten L\u00e4nder.<\/p>\n<p>&nbsp;<\/p>\n<p>Weitere Seiten erkl\u00e4ren die botanischen Entdeckungen von James Cook und vor allem Alexander von Humboldt, befassen sich mit der Entdeckung von St\u00e4dten fr\u00fcherer V\u00f6lker und der Frage, warum es so wenige Entdeckerinnen gab, bevor die Autoren sich neuzeitlichen Entdeckungen widmen, etwa die Erstexpeditionen zum S\u00fcdpol und auf den Mount Everest und zum tiefsten Punkt des Meeres.<\/p>\n<p>&nbsp;<\/p>\n<p>&nbsp;<\/p>\n<p>&nbsp;<\/p>\n<p>&nbsp;<\/p>\n<p>&nbsp;<\/p>\n<p>&nbsp;<\/p>\n<p>Die Frage, was es Zukunft noch alles zu entdecken gibt, etwa auf dem Mars, bildet den Abschluss eines Sachbilderbuchs f\u00fcr Kinder zwischen vier und sieben Jahren, dem es sehr gut gelungen ist, die Vielfalt des Themas altersgerecht darzustellen, das mit vielen Klappen zum Entdecken und Weiterfragen einl\u00e4dt.<\/p>\n<p>&nbsp;<\/p>\n<p>&nbsp;<\/p>\n<p>&nbsp;<\/p>\n<p>&nbsp;<\/p>\n<p>&nbsp;<\/p>\n<p>&nbsp;<\/p>\n<p>&nbsp;<\/p>\n<p>&nbsp;<\/p>\n<p>&nbsp;<\/p>\n<p>&nbsp;<\/p>\n","protected":false},"excerpt":{"rendered":"<p>&nbsp; &nbsp; Susanne Gernh\u00e4user, Peter Friedl, Wieso. Weshalb. Warum. Abenteurer und Entdecker, Ravensburger Verlag 2019, ISBN 978-3-473-32947-2 &nbsp; Dieses Buch aus der durchweg empfehlenswerten Sachbuchreihe Wieso? Weshalb? Warum? f\u00fcr Kinder von vier bis sieben Jahren aus dem Ravensburger Verlag gibt auf insgesamt acht Doppelseiten mit vielen Klappen, die Einblicke erm\u00f6glichen und\u00a0 Bewegungen und Abl\u00e4ufe veranschaulichen, &hellip; <a href=\"https:\/\/blog.liesdoch.de\/?p=7489\" class=\"more-link\"><span class=\"screen-reader-text\">Wieso. Weshalb. Warum. Abenteurer und Entdecker<\/span> weiterlesen <span class=\"meta-nav\">&rarr;<\/span><\/a><\/p>\n","protected":false},"author":6,"featured_media":0,"comment_status":"closed","ping_status":"open","sticky":false,"template":"","format":"standard","meta":{"footnotes":""},"categories":[1],"tags":[],"class_list":["post-7489","post","type-post","status-publish","format-standard","hentry","category-allgemein"],"_links":{"self":[{"href":"https:\/\/blog.liesdoch.de\/index.php?rest_route=\/wp\/v2\/posts\/7489","targetHints":{"allow":["GET"]}}],"collection":[{"href":"https:\/\/blog.liesdoch.de\/index.php?rest_route=\/wp\/v2\/posts"}],"about":[{"href":"https:\/\/blog.liesdoch.de\/index.php?rest_route=\/wp\/v2\/types\/post"}],"author":[{"embeddable":true,"href":"https:\/\/blog.liesdoch.de\/index.php?rest_route=\/wp\/v2\/users\/6"}],"replies":[{"embeddable":true,"href":"https:\/\/blog.liesdoch.de\/index.php?rest_route=%2Fwp%2Fv2%2Fcomments&post=7489"}],"version-history":[{"count":1,"href":"https:\/\/blog.liesdoch.de\/index.php?rest_route=\/wp\/v2\/posts\/7489\/revisions"}],"predecessor-version":[{"id":7491,"href":"https:\/\/blog.liesdoch.de\/index.php?rest_route=\/wp\/v2\/posts\/7489\/revisions\/7491"}],"wp:attachment":[{"href":"https:\/\/blog.liesdoch.de\/index.php?rest_route=%2Fwp%2Fv2%2Fmedia&parent=7489"}],"wp:term":[{"taxonomy":"category","embeddable":true,"href":"https:\/\/blog.liesdoch.de\/index.php?rest_route=%2Fwp%2Fv2%2Fcategories&post=7489"},{"taxonomy":"post_tag","embeddable":true,"href":"https:\/\/blog.liesdoch.de\/index.php?rest_route=%2Fwp%2Fv2%2Ftags&post=7489"}],"curies":[{"name":"wp","href":"https:\/\/api.w.org\/{rel}","templated":true}]}}