{"id":7492,"date":"2019-04-04T14:08:31","date_gmt":"2019-04-04T12:08:31","guid":{"rendered":"http:\/\/blog.liesdoch.de\/?p=7492"},"modified":"2019-04-04T14:08:31","modified_gmt":"2019-04-04T12:08:31","slug":"widerworte-gedanken-ueber-deutschland","status":"publish","type":"post","link":"https:\/\/blog.liesdoch.de\/?p=7492","title":{"rendered":"Widerworte. Gedanken \u00fcber Deutschland"},"content":{"rendered":"<p>&nbsp;<\/p>\n<p>&nbsp;<\/p>\n<p>&nbsp;<\/p>\n<p><a href=\"http:\/\/blog.liesdoch.de\/wp-content\/uploads\/2019\/04\/55410345n.jpg\"><img loading=\"lazy\" decoding=\"async\" class=\"alignnone size-medium wp-image-7493\" src=\"http:\/\/blog.liesdoch.de\/wp-content\/uploads\/2019\/04\/55410345n-189x300.jpg\" alt=\"\" width=\"189\" height=\"300\" srcset=\"https:\/\/blog.liesdoch.de\/wp-content\/uploads\/2019\/04\/55410345n-189x300.jpg 189w, https:\/\/blog.liesdoch.de\/wp-content\/uploads\/2019\/04\/55410345n.jpg 242w\" sizes=\"auto, (max-width: 189px) 100vw, 189px\" \/><\/a><\/p>\n<p>Alice Weidel, Widerworte. Gedanken \u00fcber Deutschland, Plassen Verlag 2019, ISBN 978-386470-631-8<\/p>\n<p>&nbsp;<\/p>\n<p>Wenn man als kritischer Zeitgenosse, der, die Bundestagsdebatten des letzten Jahres verfolgend, sich so oft \u00fcber die uns\u00e4glichen Redebeitr\u00e4ge so manches AfD- Politikers ge\u00e4rgert hat, sich einmal genauer mit den politischen, \u00f6konomischen und ideologischen Hintergr\u00fcnden der Grundlagen der gegenw\u00e4rtigen AfD-Politik befassen will, ohne sich von vornherein dem grunds\u00e4tzlichen Ausschluss dieser Partei und ihrer Wahler aus dem demokratischen und gesellschaftlichen Diskurs anzuschlie\u00dfen, dann ist das vorliegende Buch der Co-Vorsitzenden der AfD-Bundestagsfraktion eine gute Grundlage daf\u00fcr. Denn meines Wissens ist es das erste gr\u00fcndlich geschriebene Buch eines AfD-Politikers der ersten Reihe, das neben den oft katastrophal schlechten und von Fremdenfeindlichkeit gepr\u00e4gten Reden der meisten Abgeordneten der \u00d6ffentlichkeit zug\u00e4nglich ist.<\/p>\n<p>&nbsp;<\/p>\n<p>Das, was Weidel da schriebt und die Vorschl\u00e4ge, die sie in ihrem konservativen Manifest macht f\u00fcr eine neue Politik in Deutschland haben mit Rechtsextremismus nichts zu tun. Wenn alle AfD-Politiker so reden w\u00fcrden, wie Alice Weidel schreibt (ihre Reden im Bundestag klingen aber leider oft anders), dann w\u00e4re vielleicht ein durchaus kontroverser Diskurs mit ihren Positionen denkbar. Denn ihre Thesen haben durchweg kein Alleinstellungsmerkmal. All das haben andere, des Extremismus unverd\u00e4chtige Personen schon oft an anderen Stellen beschrieben.<\/p>\n<p>&nbsp;<\/p>\n<p>Man muss mit solchen Positionen kompetent diskutieren und sie nicht von vornherein aus ideologischen Gr\u00fcnden ausgrenzen.<\/p>\n<p>&nbsp;<\/p>\n<p>&nbsp;<\/p>\n","protected":false},"excerpt":{"rendered":"<p>&nbsp; &nbsp; &nbsp; Alice Weidel, Widerworte. Gedanken \u00fcber Deutschland, Plassen Verlag 2019, ISBN 978-386470-631-8 &nbsp; Wenn man als kritischer Zeitgenosse, der, die Bundestagsdebatten des letzten Jahres verfolgend, sich so oft \u00fcber die uns\u00e4glichen Redebeitr\u00e4ge so manches AfD- Politikers ge\u00e4rgert hat, sich einmal genauer mit den politischen, \u00f6konomischen und ideologischen Hintergr\u00fcnden der Grundlagen der gegenw\u00e4rtigen AfD-Politik &hellip; <a href=\"https:\/\/blog.liesdoch.de\/?p=7492\" class=\"more-link\"><span class=\"screen-reader-text\">Widerworte. Gedanken \u00fcber Deutschland<\/span> weiterlesen <span class=\"meta-nav\">&rarr;<\/span><\/a><\/p>\n","protected":false},"author":6,"featured_media":0,"comment_status":"closed","ping_status":"open","sticky":false,"template":"","format":"standard","meta":{"footnotes":""},"categories":[1],"tags":[],"class_list":["post-7492","post","type-post","status-publish","format-standard","hentry","category-allgemein"],"_links":{"self":[{"href":"https:\/\/blog.liesdoch.de\/index.php?rest_route=\/wp\/v2\/posts\/7492","targetHints":{"allow":["GET"]}}],"collection":[{"href":"https:\/\/blog.liesdoch.de\/index.php?rest_route=\/wp\/v2\/posts"}],"about":[{"href":"https:\/\/blog.liesdoch.de\/index.php?rest_route=\/wp\/v2\/types\/post"}],"author":[{"embeddable":true,"href":"https:\/\/blog.liesdoch.de\/index.php?rest_route=\/wp\/v2\/users\/6"}],"replies":[{"embeddable":true,"href":"https:\/\/blog.liesdoch.de\/index.php?rest_route=%2Fwp%2Fv2%2Fcomments&post=7492"}],"version-history":[{"count":1,"href":"https:\/\/blog.liesdoch.de\/index.php?rest_route=\/wp\/v2\/posts\/7492\/revisions"}],"predecessor-version":[{"id":7494,"href":"https:\/\/blog.liesdoch.de\/index.php?rest_route=\/wp\/v2\/posts\/7492\/revisions\/7494"}],"wp:attachment":[{"href":"https:\/\/blog.liesdoch.de\/index.php?rest_route=%2Fwp%2Fv2%2Fmedia&parent=7492"}],"wp:term":[{"taxonomy":"category","embeddable":true,"href":"https:\/\/blog.liesdoch.de\/index.php?rest_route=%2Fwp%2Fv2%2Fcategories&post=7492"},{"taxonomy":"post_tag","embeddable":true,"href":"https:\/\/blog.liesdoch.de\/index.php?rest_route=%2Fwp%2Fv2%2Ftags&post=7492"}],"curies":[{"name":"wp","href":"https:\/\/api.w.org\/{rel}","templated":true}]}}