{"id":7499,"date":"2019-04-10T14:17:34","date_gmt":"2019-04-10T12:17:34","guid":{"rendered":"http:\/\/blog.liesdoch.de\/?p=7499"},"modified":"2019-04-10T14:17:34","modified_gmt":"2019-04-10T12:17:34","slug":"der-kleine-waschbaer-waschmichnicht","status":"publish","type":"post","link":"https:\/\/blog.liesdoch.de\/?p=7499","title":{"rendered":"Der kleine Waschb\u00e4r Waschmichnicht"},"content":{"rendered":"<p>&nbsp;<\/p>\n<p>&nbsp;<\/p>\n<p><a href=\"http:\/\/blog.liesdoch.de\/wp-content\/uploads\/2019\/04\/54540135n.jpg\"><img loading=\"lazy\" decoding=\"async\" class=\"alignnone size-medium wp-image-7500\" src=\"http:\/\/blog.liesdoch.de\/wp-content\/uploads\/2019\/04\/54540135n-235x300.jpg\" alt=\"\" width=\"235\" height=\"300\" srcset=\"https:\/\/blog.liesdoch.de\/wp-content\/uploads\/2019\/04\/54540135n-235x300.jpg 235w, https:\/\/blog.liesdoch.de\/wp-content\/uploads\/2019\/04\/54540135n.jpg 242w\" sizes=\"auto, (max-width: 235px) 100vw, 235px\" \/><\/a><\/p>\n<p>Britta Sabbag, Igor Lange, Der kleine Waschb\u00e4r Waschmichnicht, arsedition 2019, ISBN 978-3-8458-2538-0<\/p>\n<p>&nbsp;<\/p>\n<p>So wie alle M\u00fctter ist auch die Mama des kleinen Wachb\u00e4ren der Meinung, dass Sauberkeit an oberster Stelle steht: &#8222;Ein richtiger Waschb\u00e4r w\u00e4scht sich t\u00e4glich und f\u00fcr sein Leben gern&#8220;, sagt sie voller \u00dcberzeugung. Doch ihr kleiner Sohn weigert sich und versteckt sich im Bett. Sie nennt ihn \u201ekleiner Waschb\u00e4r Waschmichnicht\u201c und zieht ihn aus dem Bett.<\/p>\n<p>&nbsp;<\/p>\n<p>Doch der will sich auf keinen Fall waschen und springt aus dem Fenster. Er sucht sich Verstecke bei den Schweinen, bei den Pferden, in der M\u00fclltonne. Immer wieder k\u00fcndigt seine Mutter ein immer gr\u00f6\u00dfer werdendes Bad an, doch da haut der kleine Waschb\u00e4r wieder ab. Doch als ein Stinktier ihm sagt, er rieche wie ein Stinktier und sei deshalb ganz bestimmt kein Waschb\u00e4r, besinnt er sich eines anderen.<\/p>\n<p>&nbsp;<\/p>\n<p>Ein Dauerthema aus dem Alltag von kleinen Kindern und ihren Eltern hat die \u201eHummel-Bommel\u201c \u2013 Autorin Britta Sabbag charmant umgesetzt. Igor Lange hat ihre Geschichte witzig und humorvoll illustriert.<\/p>\n<p>&nbsp;<\/p>\n<p>&nbsp;<\/p>\n<p>&nbsp;<\/p>\n","protected":false},"excerpt":{"rendered":"<p>&nbsp; &nbsp; Britta Sabbag, Igor Lange, Der kleine Waschb\u00e4r Waschmichnicht, arsedition 2019, ISBN 978-3-8458-2538-0 &nbsp; So wie alle M\u00fctter ist auch die Mama des kleinen Wachb\u00e4ren der Meinung, dass Sauberkeit an oberster Stelle steht: &#8222;Ein richtiger Waschb\u00e4r w\u00e4scht sich t\u00e4glich und f\u00fcr sein Leben gern&#8220;, sagt sie voller \u00dcberzeugung. Doch ihr kleiner Sohn weigert sich &hellip; <a href=\"https:\/\/blog.liesdoch.de\/?p=7499\" class=\"more-link\"><span class=\"screen-reader-text\">Der kleine Waschb\u00e4r Waschmichnicht<\/span> weiterlesen <span class=\"meta-nav\">&rarr;<\/span><\/a><\/p>\n","protected":false},"author":6,"featured_media":0,"comment_status":"closed","ping_status":"open","sticky":false,"template":"","format":"standard","meta":{"footnotes":""},"categories":[1],"tags":[],"class_list":["post-7499","post","type-post","status-publish","format-standard","hentry","category-allgemein"],"_links":{"self":[{"href":"https:\/\/blog.liesdoch.de\/index.php?rest_route=\/wp\/v2\/posts\/7499","targetHints":{"allow":["GET"]}}],"collection":[{"href":"https:\/\/blog.liesdoch.de\/index.php?rest_route=\/wp\/v2\/posts"}],"about":[{"href":"https:\/\/blog.liesdoch.de\/index.php?rest_route=\/wp\/v2\/types\/post"}],"author":[{"embeddable":true,"href":"https:\/\/blog.liesdoch.de\/index.php?rest_route=\/wp\/v2\/users\/6"}],"replies":[{"embeddable":true,"href":"https:\/\/blog.liesdoch.de\/index.php?rest_route=%2Fwp%2Fv2%2Fcomments&post=7499"}],"version-history":[{"count":1,"href":"https:\/\/blog.liesdoch.de\/index.php?rest_route=\/wp\/v2\/posts\/7499\/revisions"}],"predecessor-version":[{"id":7501,"href":"https:\/\/blog.liesdoch.de\/index.php?rest_route=\/wp\/v2\/posts\/7499\/revisions\/7501"}],"wp:attachment":[{"href":"https:\/\/blog.liesdoch.de\/index.php?rest_route=%2Fwp%2Fv2%2Fmedia&parent=7499"}],"wp:term":[{"taxonomy":"category","embeddable":true,"href":"https:\/\/blog.liesdoch.de\/index.php?rest_route=%2Fwp%2Fv2%2Fcategories&post=7499"},{"taxonomy":"post_tag","embeddable":true,"href":"https:\/\/blog.liesdoch.de\/index.php?rest_route=%2Fwp%2Fv2%2Ftags&post=7499"}],"curies":[{"name":"wp","href":"https:\/\/api.w.org\/{rel}","templated":true}]}}