{"id":7505,"date":"2019-04-10T14:18:40","date_gmt":"2019-04-10T12:18:40","guid":{"rendered":"http:\/\/blog.liesdoch.de\/?p=7505"},"modified":"2019-04-10T14:18:40","modified_gmt":"2019-04-10T12:18:40","slug":"der-nahe-osten-geht-nicht-unter-die-arabische-welt-vor-ihrer-historischen-chance","status":"publish","type":"post","link":"https:\/\/blog.liesdoch.de\/?p=7505","title":{"rendered":"Der Nahe Osten geht nicht unter. Die arabische Welt vor ihrer historischen Chance"},"content":{"rendered":"<p>&nbsp;<\/p>\n<p>&nbsp;<\/p>\n<p><a href=\"http:\/\/blog.liesdoch.de\/wp-content\/uploads\/2019\/04\/52537819n.jpg\"><img loading=\"lazy\" decoding=\"async\" class=\"alignnone size-medium wp-image-7506\" src=\"http:\/\/blog.liesdoch.de\/wp-content\/uploads\/2019\/04\/52537819n-197x300.jpg\" alt=\"\" width=\"197\" height=\"300\" srcset=\"https:\/\/blog.liesdoch.de\/wp-content\/uploads\/2019\/04\/52537819n-197x300.jpg 197w, https:\/\/blog.liesdoch.de\/wp-content\/uploads\/2019\/04\/52537819n.jpg 242w\" sizes=\"auto, (max-width: 197px) 100vw, 197px\" \/><\/a><\/p>\n<p>Daniel Gerlach, Der Nahe Osten geht nicht unter. Die arabische Welt vor ihrer historischen Chance, Edition K\u00f6rber 2019, ISBN 978-3-89684-268-8<\/p>\n<p>&nbsp;<\/p>\n<p>Seit vielen Jahrzehnten scheint der Nahe Osten als eine Weltgegend, die, von Kriegen, religi\u00f6sen Konflikten und zunehmender Hoffnungslosigkeit gepr\u00e4gt, nicht selten als m\u00f6glicher Ausgangspunkt eines gro\u00dfen Weltenbrandes gesehen wird.\u00a0 Wohin man auch schaut in der Medienlandschaft, dem Mittleren und Nahen Osten wird keine gro\u00dfe Zukunft vorausgesagt.<\/p>\n<p>&nbsp;<\/p>\n<p>Doch f\u00fcr den Orientalisten und Journalisten Daniel Gerlach ist der von allen schon l\u00e4ngst totgesagte arabische Fr\u00fchling noch lange nicht zu Ende. F\u00fcr ihn, wie er in dem hier vorliegenden Buch \u201eDer Nahe Osten geht nicht unter\u201c immer wieder aufzeigt, hat 2011 etwas Irreversibles begonnen:<\/p>\n<p>\u201eIn jedem Fall handelt es sich um eine epochale Entwicklung, die sich trotz etlicher Bem\u00fchungen autorit\u00e4rer Kr\u00e4fte in der arabischen Welt nicht mehr ungeschehen machen l\u00e4sst. Denn sie hat gezeigt: Kein Diktator, kein Autokrat kann mehr sicher sein zu herrschen, bis er an Altersschw\u00e4che stirbt. Und absolute Macht ist eine Illusion.\u201c<\/p>\n<p>&nbsp;<\/p>\n<p>Er zeigt \u00fcberzeugend optimistisch, dass die arabische Welt, auch wegen ihrer immer j\u00fcnger werdenden Gesellschaften, Ver\u00e4nderungsprozesse historischen Ausma\u00dfes erlebt, die hierzulande noch kaum angemessen wahrgenommen werden.<\/p>\n<p>&nbsp;<\/p>\n<p>Gerlach erz\u00e4hlt in seinem Buch von Menschen, die er auf seinen vielen Reisen in die Region getroffen hat. Menschen, die mit ihrem Engagement Hoffnung\u00a0 machen k\u00f6nnen auf eine bessere Zukunft. Eine heranwachsende Generation, der er zutraut, dass sie die gro\u00dfen \u00dcbel der Region an der Wurzel bek\u00e4mpfen k\u00f6nnen. Den Sektarismus etwa, die Trennung zwischen Sunniten und Schiiten und den Konfessionalismus. Denn \u00a0\u201ediese Geisteshaltung hat dem Nahen Osten gro\u00dfen Schaden zugef\u00fcgt. Sie war nicht die Ursache, sehr wohl aber der Brandbeschleuniger f\u00fcr Kriege. Sie stellte die Betriebstemperatur f\u00fcr explosive Reaktionen her. Nach dem Despotismus ist der Sektarismus die zweite gro\u00dfe Gei\u00dfel der nah\u00f6stlichen Gesellschaften.\u201c<\/p>\n<p>&nbsp;<\/p>\n<p>Gerlach weist auf eine Tatsache hin, die bei uns beim Blick auf den Nahen Osten meist vergessen wird. F\u00fcr ihn sind die jungen Menschen dort nicht nur Opfer, sondern k\u00f6nnen zu Herrinnen und Herren ihres eigenen Schicksals werden. Er traut ihnen zu, in naher Zukunft schon ihr Leben lebenswerter zu gestalten.<\/p>\n<p>&nbsp;<\/p>\n<p>Ich muss gestehen, dass mich dieser Optimismus beeindruckt hat, aber nicht meine Skepsis vertreiben konnte, was die Zukunft der arabischen Gesellschaften betrifft<\/p>\n<p>&nbsp;<\/p>\n<p>&nbsp;<\/p>\n","protected":false},"excerpt":{"rendered":"<p>&nbsp; &nbsp; Daniel Gerlach, Der Nahe Osten geht nicht unter. Die arabische Welt vor ihrer historischen Chance, Edition K\u00f6rber 2019, ISBN 978-3-89684-268-8 &nbsp; Seit vielen Jahrzehnten scheint der Nahe Osten als eine Weltgegend, die, von Kriegen, religi\u00f6sen Konflikten und zunehmender Hoffnungslosigkeit gepr\u00e4gt, nicht selten als m\u00f6glicher Ausgangspunkt eines gro\u00dfen Weltenbrandes gesehen wird.\u00a0 Wohin man auch &hellip; <a href=\"https:\/\/blog.liesdoch.de\/?p=7505\" class=\"more-link\"><span class=\"screen-reader-text\">Der Nahe Osten geht nicht unter. Die arabische Welt vor ihrer historischen Chance<\/span> weiterlesen <span class=\"meta-nav\">&rarr;<\/span><\/a><\/p>\n","protected":false},"author":6,"featured_media":0,"comment_status":"closed","ping_status":"open","sticky":false,"template":"","format":"standard","meta":{"footnotes":""},"categories":[1],"tags":[],"class_list":["post-7505","post","type-post","status-publish","format-standard","hentry","category-allgemein"],"_links":{"self":[{"href":"https:\/\/blog.liesdoch.de\/index.php?rest_route=\/wp\/v2\/posts\/7505","targetHints":{"allow":["GET"]}}],"collection":[{"href":"https:\/\/blog.liesdoch.de\/index.php?rest_route=\/wp\/v2\/posts"}],"about":[{"href":"https:\/\/blog.liesdoch.de\/index.php?rest_route=\/wp\/v2\/types\/post"}],"author":[{"embeddable":true,"href":"https:\/\/blog.liesdoch.de\/index.php?rest_route=\/wp\/v2\/users\/6"}],"replies":[{"embeddable":true,"href":"https:\/\/blog.liesdoch.de\/index.php?rest_route=%2Fwp%2Fv2%2Fcomments&post=7505"}],"version-history":[{"count":1,"href":"https:\/\/blog.liesdoch.de\/index.php?rest_route=\/wp\/v2\/posts\/7505\/revisions"}],"predecessor-version":[{"id":7507,"href":"https:\/\/blog.liesdoch.de\/index.php?rest_route=\/wp\/v2\/posts\/7505\/revisions\/7507"}],"wp:attachment":[{"href":"https:\/\/blog.liesdoch.de\/index.php?rest_route=%2Fwp%2Fv2%2Fmedia&parent=7505"}],"wp:term":[{"taxonomy":"category","embeddable":true,"href":"https:\/\/blog.liesdoch.de\/index.php?rest_route=%2Fwp%2Fv2%2Fcategories&post=7505"},{"taxonomy":"post_tag","embeddable":true,"href":"https:\/\/blog.liesdoch.de\/index.php?rest_route=%2Fwp%2Fv2%2Ftags&post=7505"}],"curies":[{"name":"wp","href":"https:\/\/api.w.org\/{rel}","templated":true}]}}