{"id":7522,"date":"2019-04-12T12:01:14","date_gmt":"2019-04-12T10:01:14","guid":{"rendered":"http:\/\/blog.liesdoch.de\/?p=7522"},"modified":"2019-04-12T12:01:14","modified_gmt":"2019-04-12T10:01:14","slug":"darwins-entstehung-der-arten","status":"publish","type":"post","link":"https:\/\/blog.liesdoch.de\/?p=7522","title":{"rendered":"Darwins Entstehung der Arten"},"content":{"rendered":"<p>&nbsp;<\/p>\n<p>&nbsp;<\/p>\n<p><a href=\"http:\/\/blog.liesdoch.de\/wp-content\/uploads\/2019\/04\/54341883n-1.jpg\"><img loading=\"lazy\" decoding=\"async\" class=\"alignnone size-medium wp-image-7523\" src=\"http:\/\/blog.liesdoch.de\/wp-content\/uploads\/2019\/04\/54341883n-1-234x300.jpg\" alt=\"\" width=\"234\" height=\"300\" srcset=\"https:\/\/blog.liesdoch.de\/wp-content\/uploads\/2019\/04\/54341883n-1-234x300.jpg 234w, https:\/\/blog.liesdoch.de\/wp-content\/uploads\/2019\/04\/54341883n-1.jpg 242w\" sizes=\"auto, (max-width: 234px) 100vw, 234px\" \/><\/a><\/p>\n<p>Sabina Radeva. Darwins Entstehung der Arten, Hanser 2019, ISBN 978-3-446-26231-7<\/p>\n<p>&nbsp;<\/p>\n<p>Charles Darwins Erkenntnisse aus seinem Buch \u201eDie Entstehung der Arten\u201c als Sachbilderbuch f\u00fcr Kinder aufzubereiten ist Sabin Radeva mit ihrem zuerst in England erschienenen hier vorliegenden Buch sehr gut gelungen. Stefanie Ochel hat die wohltuend unideologischen Texte ins Deutsche \u00fcbersetzt.<\/p>\n<p>&nbsp;<\/p>\n<p>Ein sch\u00f6nes und vor allen Dingen leicht verst\u00e4ndliches Sachbilderbuch ist so gelungen. Ein Buch, das sich nicht nur ein Kinder ab dem Grundschulalter richtet, sondern auch f\u00fcr Jugendliche und Erwachsene einen guten und ersten \u00dcberblick gibt \u00fcber die Ergebnisse der Forschungen von Charles Darwin und ihre Bedeutung f\u00fcr die heutige Wissenschaft.<\/p>\n<p>&nbsp;<\/p>\n<p>Leicht verst\u00e4ndliche Texte und farbenpr\u00e4chtige Zeichnungen vermitteln den jungen und \u00e4lteren Lesern das Wesentliche einer gro\u00dfen Theorie und regen im Anhang zum pers\u00f6nlichen Weiterstudium der Thematik an.<\/p>\n<p>&nbsp;<\/p>\n<p>&nbsp;<\/p>\n<p>&nbsp;<\/p>\n<p>&nbsp;<\/p>\n","protected":false},"excerpt":{"rendered":"<p>&nbsp; &nbsp; Sabina Radeva. Darwins Entstehung der Arten, Hanser 2019, ISBN 978-3-446-26231-7 &nbsp; Charles Darwins Erkenntnisse aus seinem Buch \u201eDie Entstehung der Arten\u201c als Sachbilderbuch f\u00fcr Kinder aufzubereiten ist Sabin Radeva mit ihrem zuerst in England erschienenen hier vorliegenden Buch sehr gut gelungen. Stefanie Ochel hat die wohltuend unideologischen Texte ins Deutsche \u00fcbersetzt. &nbsp; Ein &hellip; <a href=\"https:\/\/blog.liesdoch.de\/?p=7522\" class=\"more-link\"><span class=\"screen-reader-text\">Darwins Entstehung der Arten<\/span> weiterlesen <span class=\"meta-nav\">&rarr;<\/span><\/a><\/p>\n","protected":false},"author":6,"featured_media":0,"comment_status":"closed","ping_status":"open","sticky":false,"template":"","format":"standard","meta":{"footnotes":""},"categories":[1],"tags":[],"class_list":["post-7522","post","type-post","status-publish","format-standard","hentry","category-allgemein"],"_links":{"self":[{"href":"https:\/\/blog.liesdoch.de\/index.php?rest_route=\/wp\/v2\/posts\/7522","targetHints":{"allow":["GET"]}}],"collection":[{"href":"https:\/\/blog.liesdoch.de\/index.php?rest_route=\/wp\/v2\/posts"}],"about":[{"href":"https:\/\/blog.liesdoch.de\/index.php?rest_route=\/wp\/v2\/types\/post"}],"author":[{"embeddable":true,"href":"https:\/\/blog.liesdoch.de\/index.php?rest_route=\/wp\/v2\/users\/6"}],"replies":[{"embeddable":true,"href":"https:\/\/blog.liesdoch.de\/index.php?rest_route=%2Fwp%2Fv2%2Fcomments&post=7522"}],"version-history":[{"count":1,"href":"https:\/\/blog.liesdoch.de\/index.php?rest_route=\/wp\/v2\/posts\/7522\/revisions"}],"predecessor-version":[{"id":7524,"href":"https:\/\/blog.liesdoch.de\/index.php?rest_route=\/wp\/v2\/posts\/7522\/revisions\/7524"}],"wp:attachment":[{"href":"https:\/\/blog.liesdoch.de\/index.php?rest_route=%2Fwp%2Fv2%2Fmedia&parent=7522"}],"wp:term":[{"taxonomy":"category","embeddable":true,"href":"https:\/\/blog.liesdoch.de\/index.php?rest_route=%2Fwp%2Fv2%2Fcategories&post=7522"},{"taxonomy":"post_tag","embeddable":true,"href":"https:\/\/blog.liesdoch.de\/index.php?rest_route=%2Fwp%2Fv2%2Ftags&post=7522"}],"curies":[{"name":"wp","href":"https:\/\/api.w.org\/{rel}","templated":true}]}}