{"id":7525,"date":"2019-04-12T12:01:55","date_gmt":"2019-04-12T10:01:55","guid":{"rendered":"http:\/\/blog.liesdoch.de\/?p=7525"},"modified":"2019-04-12T12:01:55","modified_gmt":"2019-04-12T10:01:55","slug":"raus-aus-den-federn","status":"publish","type":"post","link":"https:\/\/blog.liesdoch.de\/?p=7525","title":{"rendered":"Raus aus den Federn"},"content":{"rendered":"<p>&nbsp;<\/p>\n<p>&nbsp;<\/p>\n<p>&nbsp;<\/p>\n<p>&nbsp;<\/p>\n<p><a href=\"http:\/\/blog.liesdoch.de\/wp-content\/uploads\/2019\/04\/54298092n.jpg\"><img loading=\"lazy\" decoding=\"async\" class=\"alignnone size-medium wp-image-7526\" src=\"http:\/\/blog.liesdoch.de\/wp-content\/uploads\/2019\/04\/54298092n-241x300.jpg\" alt=\"\" width=\"241\" height=\"300\" srcset=\"https:\/\/blog.liesdoch.de\/wp-content\/uploads\/2019\/04\/54298092n-241x300.jpg 241w, https:\/\/blog.liesdoch.de\/wp-content\/uploads\/2019\/04\/54298092n.jpg 242w\" sizes=\"auto, (max-width: 241px) 100vw, 241px\" \/><\/a><\/p>\n<p>Anke de Vries, Piet Grobler, Raus aus den Federn, Annette Betz Verlag 2019, ISBN 978-3-219-11775-2<\/p>\n<p>&nbsp;<\/p>\n<p>Antonia ist ein kleiner Vogel, der morgens gerne schon in aller Fr\u00fche im Wald singt und mit seinem Gesang die anderen V\u00f6gel des Waldes aus den Nestern treibt.<\/p>\n<p>&nbsp;<\/p>\n<p>Die sind dar\u00fcber nicht sehr erfreut und meckern. Sie sagen, Antonia mache sie verr\u00fcckt mit ihrem Geschrei. Sie stehen halt nicht so gerne fr\u00fch auf. Doch Antonia l\u00e4sst sich nicht beirren und singt so lange, bis alle V\u00f6gel schimpfend und murrend aus ihrem Nest gekommen sind.<\/p>\n<p>&nbsp;<\/p>\n<p>Doch irgendwann wird ihr alles zu viel und sie verl\u00e4sst den Wald. Schon am n\u00e4chsten Morgen verschlafen die anderen V\u00f6gel des Waldes. \u201eWo ist Antonia? Warum hat sie uns nicht geweckt?\u201c<\/p>\n<p>&nbsp;<\/p>\n<p>Doch auch Antonia vermisst schon bald in der Fremde den Wald und sie fragt sich, ob sie den anderen V\u00f6geln auch fehlt. Da hat sie eine sch\u00f6ne Idee: sie schm\u00fcckt und verkleidet sich mit verschiedenen Pflanzenteilen und kehrt zur\u00fcck in den Wald. Die anderen V\u00f6gel erkennen sie nicht und antworten auf die Fragen des seltsamen neuen Vogels, warum niemand singt, dass Antonia nicht mehr da sei. Sie habe wunderbar gesungen, sie jeden Morgen p\u00fcnktlich geweckt, und sie w\u00fcrden sie sehr vermissen.<\/p>\n<p>&nbsp;<\/p>\n<p>Kurz danach erkennen die V\u00f6gel Antonia in ihrer Verkleidung und alle sind froh und jubeln. Doch als Antonia am n\u00e4chsten Morgen in aller Fr\u00fche ihren Weckruf startet, beginnt auch das Murren wieder\u2026<\/p>\n<p>&nbsp;<\/p>\n<p>Ein sch\u00f6nes und lustiges Buch \u00fcber Fr\u00fchaufsteher und liebenswerte Nervens\u00e4gen. Kinder, die nicht gerne aufstehen, werden sich schnell wiedererkennen.<\/p>\n<p>&nbsp;<\/p>\n<p>&nbsp;<\/p>\n<p>&nbsp;<\/p>\n","protected":false},"excerpt":{"rendered":"<p>&nbsp; &nbsp; &nbsp; &nbsp; Anke de Vries, Piet Grobler, Raus aus den Federn, Annette Betz Verlag 2019, ISBN 978-3-219-11775-2 &nbsp; Antonia ist ein kleiner Vogel, der morgens gerne schon in aller Fr\u00fche im Wald singt und mit seinem Gesang die anderen V\u00f6gel des Waldes aus den Nestern treibt. &nbsp; Die sind dar\u00fcber nicht sehr erfreut &hellip; <a href=\"https:\/\/blog.liesdoch.de\/?p=7525\" class=\"more-link\"><span class=\"screen-reader-text\">Raus aus den Federn<\/span> weiterlesen <span class=\"meta-nav\">&rarr;<\/span><\/a><\/p>\n","protected":false},"author":6,"featured_media":0,"comment_status":"closed","ping_status":"open","sticky":false,"template":"","format":"standard","meta":{"footnotes":""},"categories":[1],"tags":[],"class_list":["post-7525","post","type-post","status-publish","format-standard","hentry","category-allgemein"],"_links":{"self":[{"href":"https:\/\/blog.liesdoch.de\/index.php?rest_route=\/wp\/v2\/posts\/7525","targetHints":{"allow":["GET"]}}],"collection":[{"href":"https:\/\/blog.liesdoch.de\/index.php?rest_route=\/wp\/v2\/posts"}],"about":[{"href":"https:\/\/blog.liesdoch.de\/index.php?rest_route=\/wp\/v2\/types\/post"}],"author":[{"embeddable":true,"href":"https:\/\/blog.liesdoch.de\/index.php?rest_route=\/wp\/v2\/users\/6"}],"replies":[{"embeddable":true,"href":"https:\/\/blog.liesdoch.de\/index.php?rest_route=%2Fwp%2Fv2%2Fcomments&post=7525"}],"version-history":[{"count":1,"href":"https:\/\/blog.liesdoch.de\/index.php?rest_route=\/wp\/v2\/posts\/7525\/revisions"}],"predecessor-version":[{"id":7527,"href":"https:\/\/blog.liesdoch.de\/index.php?rest_route=\/wp\/v2\/posts\/7525\/revisions\/7527"}],"wp:attachment":[{"href":"https:\/\/blog.liesdoch.de\/index.php?rest_route=%2Fwp%2Fv2%2Fmedia&parent=7525"}],"wp:term":[{"taxonomy":"category","embeddable":true,"href":"https:\/\/blog.liesdoch.de\/index.php?rest_route=%2Fwp%2Fv2%2Fcategories&post=7525"},{"taxonomy":"post_tag","embeddable":true,"href":"https:\/\/blog.liesdoch.de\/index.php?rest_route=%2Fwp%2Fv2%2Ftags&post=7525"}],"curies":[{"name":"wp","href":"https:\/\/api.w.org\/{rel}","templated":true}]}}