{"id":7528,"date":"2019-04-12T12:02:30","date_gmt":"2019-04-12T10:02:30","guid":{"rendered":"http:\/\/blog.liesdoch.de\/?p=7528"},"modified":"2019-04-12T12:02:30","modified_gmt":"2019-04-12T10:02:30","slug":"sepia-und-das-grosse-meer","status":"publish","type":"post","link":"https:\/\/blog.liesdoch.de\/?p=7528","title":{"rendered":"Sepia und das grosse Meer"},"content":{"rendered":"<p>&nbsp;<\/p>\n<p>&nbsp;<\/p>\n<p>&nbsp;<\/p>\n<p><a href=\"http:\/\/blog.liesdoch.de\/wp-content\/uploads\/2019\/04\/54780583n.jpg\"><img loading=\"lazy\" decoding=\"async\" class=\"alignnone size-full wp-image-7529\" src=\"http:\/\/blog.liesdoch.de\/wp-content\/uploads\/2019\/04\/54780583n.jpg\" alt=\"\" width=\"242\" height=\"261\" \/><\/a><\/p>\n<p>Susanne Timbers, Sepia und das grosse Meer, minedition 2019, ISBN 978-3-86566-393-1<\/p>\n<p>&nbsp;<\/p>\n<p>Das kleine Tintenfischm\u00e4dchen Sepia lebt mi ihrer Familien in einem traumhaft bunten Korallenriff im Meer. Sie liebt es sich zu verstecken und macht das so gut, dass sogar ihr Vater sie nicht findet.<\/p>\n<p>&nbsp;<\/p>\n<p>Eines Abends macht sie das wieder, als eine strake Meeresstr\u00f6mung sie in die Tiefe des Meeres rei\u00dft und sie jegliche Orientierung verliert.\u00a0 Ein kleines Seepferdchen hat sich an einem ihrer Tentakel festgehalten. So ist Sepia nicht allein, als sie in der Tiefe des Meeres vielen anderen gro\u00dfen Tieren begegnet. Einem Mantarochen, einer uralten Schildkr\u00f6te. Als ein gro\u00dfer Hai vorbeikommt sch\u00fctzt sich Sepia, indem sie von ihrer Tinte verspritzt und hat auch f\u00fcr den kleinen Fisch einen guten Rat, wie er sich mit seinen Freunden gegen den Hai wehren kann.<\/p>\n<p>&nbsp;<\/p>\n<p>Nach langer Irrfahrt durch das Meer und seine Gefahren kehrt Sepia endlich ins heimische Korallenriff zur\u00fcck zur Freude ihres Vaters. Zusammen mit dem Seepferdchen treffen sie f\u00fcr weitere Versteckspiele Vorkehrungen, das Sepia nicht mehr verloren gehen kann.<\/p>\n<p>&nbsp;<\/p>\n<p>Ein biologischer Text mit fantastischen Zeichnungen \u00fcber die \u201eSupertools der Sepia\u201c der Biologin Tanja Dietrich rundet ein sch\u00f6nes Sachbilderbuch und eine spannende Geschichte ab.<\/p>\n<p>&nbsp;<\/p>\n<p>&nbsp;<\/p>\n","protected":false},"excerpt":{"rendered":"<p>&nbsp; &nbsp; &nbsp; Susanne Timbers, Sepia und das grosse Meer, minedition 2019, ISBN 978-3-86566-393-1 &nbsp; Das kleine Tintenfischm\u00e4dchen Sepia lebt mi ihrer Familien in einem traumhaft bunten Korallenriff im Meer. Sie liebt es sich zu verstecken und macht das so gut, dass sogar ihr Vater sie nicht findet. &nbsp; Eines Abends macht sie das wieder, &hellip; <a href=\"https:\/\/blog.liesdoch.de\/?p=7528\" class=\"more-link\"><span class=\"screen-reader-text\">Sepia und das grosse Meer<\/span> weiterlesen <span class=\"meta-nav\">&rarr;<\/span><\/a><\/p>\n","protected":false},"author":6,"featured_media":0,"comment_status":"closed","ping_status":"open","sticky":false,"template":"","format":"standard","meta":{"footnotes":""},"categories":[1],"tags":[],"class_list":["post-7528","post","type-post","status-publish","format-standard","hentry","category-allgemein"],"_links":{"self":[{"href":"https:\/\/blog.liesdoch.de\/index.php?rest_route=\/wp\/v2\/posts\/7528","targetHints":{"allow":["GET"]}}],"collection":[{"href":"https:\/\/blog.liesdoch.de\/index.php?rest_route=\/wp\/v2\/posts"}],"about":[{"href":"https:\/\/blog.liesdoch.de\/index.php?rest_route=\/wp\/v2\/types\/post"}],"author":[{"embeddable":true,"href":"https:\/\/blog.liesdoch.de\/index.php?rest_route=\/wp\/v2\/users\/6"}],"replies":[{"embeddable":true,"href":"https:\/\/blog.liesdoch.de\/index.php?rest_route=%2Fwp%2Fv2%2Fcomments&post=7528"}],"version-history":[{"count":1,"href":"https:\/\/blog.liesdoch.de\/index.php?rest_route=\/wp\/v2\/posts\/7528\/revisions"}],"predecessor-version":[{"id":7530,"href":"https:\/\/blog.liesdoch.de\/index.php?rest_route=\/wp\/v2\/posts\/7528\/revisions\/7530"}],"wp:attachment":[{"href":"https:\/\/blog.liesdoch.de\/index.php?rest_route=%2Fwp%2Fv2%2Fmedia&parent=7528"}],"wp:term":[{"taxonomy":"category","embeddable":true,"href":"https:\/\/blog.liesdoch.de\/index.php?rest_route=%2Fwp%2Fv2%2Fcategories&post=7528"},{"taxonomy":"post_tag","embeddable":true,"href":"https:\/\/blog.liesdoch.de\/index.php?rest_route=%2Fwp%2Fv2%2Ftags&post=7528"}],"curies":[{"name":"wp","href":"https:\/\/api.w.org\/{rel}","templated":true}]}}