{"id":7540,"date":"2019-04-15T12:16:58","date_gmt":"2019-04-15T10:16:58","guid":{"rendered":"http:\/\/blog.liesdoch.de\/?p=7540"},"modified":"2019-04-15T12:16:58","modified_gmt":"2019-04-15T10:16:58","slug":"der-blaue-stein","status":"publish","type":"post","link":"https:\/\/blog.liesdoch.de\/?p=7540","title":{"rendered":"Der blaue Stein"},"content":{"rendered":"<p>&nbsp;<\/p>\n<p>&nbsp;<\/p>\n<p>&nbsp;<\/p>\n<p><a href=\"http:\/\/blog.liesdoch.de\/wp-content\/uploads\/2019\/04\/32462435n.jpg\"><img loading=\"lazy\" decoding=\"async\" class=\"alignnone size-medium wp-image-7541\" src=\"http:\/\/blog.liesdoch.de\/wp-content\/uploads\/2019\/04\/32462435n-225x300.jpg\" alt=\"\" width=\"225\" height=\"300\" srcset=\"https:\/\/blog.liesdoch.de\/wp-content\/uploads\/2019\/04\/32462435n-225x300.jpg 225w, https:\/\/blog.liesdoch.de\/wp-content\/uploads\/2019\/04\/32462435n.jpg 242w\" sizes=\"auto, (max-width: 225px) 100vw, 225px\" \/><\/a><\/p>\n<p>Anne-Gaelle Balpe, Eve Tharlet, Der blaue Stein, Minedition 2019, ISBN 978-3-86566-3659-7<\/p>\n<p>&nbsp;<\/p>\n<p>&nbsp;<\/p>\n<p>In diesem mit zauberhaften Bildern von Eve Tharlet illustrierte Bilderbuch erz\u00e4hlt Anne-Gaelle Balpe die Geschichte eines kleinen M\u00e4nnchens, der aussieht als w\u00e4re er der Elfenwelt entsprungen. Er hei\u00dft Oli und er hat am Fu\u00df einer Margerite einen blauen Kieselstein gefunden. Ein Stein mit einer ganz besonderen Form.<\/p>\n<p>&nbsp;<\/p>\n<p>Oli beschlie\u00dft ihn zu behalten. Er zeigt ihn verschiedenen Tieren, denen er begegnet, dem Wildschwein und dem Wolf. Beide halten so eine Stein f\u00fcr absolut \u00fcberfl\u00fcssig und raten Oli, ihn\u00a0 wegzuwerfen. Doch Oli f\u00fchlt, dass er diesen Stein noch einmal brauchen wird. Auch von drei Zwergen\u00a0 die er trifft, die ihn wegen dem Stein auslachen, l\u00e4sst er sich nicht beirren.<\/p>\n<p>Und tats\u00e4chlich: bald trifft er auf ein\u00a0 weinendes M\u00e4dchen. Sie zeigt dem fragenden Oli stumm ihre Stoffpuppe, der ein Auge fehlt. Jeder sage, spricht sie nun, sie solle ihre Puppe wegwerfen.\u00a0 Da zieht Oli seinen Kieselstein hinter seinen R\u00fccken hervor und er passt in Farbe und Form genau in das fehlende Auge der Puppe.<\/p>\n<p>&nbsp;<\/p>\n<p>Beide sind gl\u00fccklich und Oli sagt: \u201eIch war sicher, dass ich den Stein irgendwann einmal brauchen\u00a0 k\u00f6nnte.<\/p>\n<p>&nbsp;<\/p>\n<p>Er hebt einen Faden auf, den die Puppe verloren hat und macht sich auf seinen Weg.<\/p>\n<p>&nbsp;<\/p>\n<p>Diesen Faden wird er im n\u00e4chsten Buch der beiden Autorinnen mit dem Titel \u201e Der rote Faden\u201c noch sinnvoll einsetzen. Das vorliegende Buch ist 2011 erschienen, das zweite im Jahr 2014.<\/p>\n<p>&nbsp;<\/p>\n<p>Eine sch\u00f6ne Geschichte selbstlosen und segensreichen Helfens.<\/p>\n<p>&nbsp;<\/p>\n<p>&nbsp;<\/p>\n<p>&nbsp;<\/p>\n","protected":false},"excerpt":{"rendered":"<p>&nbsp; &nbsp; &nbsp; Anne-Gaelle Balpe, Eve Tharlet, Der blaue Stein, Minedition 2019, ISBN 978-3-86566-3659-7 &nbsp; &nbsp; In diesem mit zauberhaften Bildern von Eve Tharlet illustrierte Bilderbuch erz\u00e4hlt Anne-Gaelle Balpe die Geschichte eines kleinen M\u00e4nnchens, der aussieht als w\u00e4re er der Elfenwelt entsprungen. Er hei\u00dft Oli und er hat am Fu\u00df einer Margerite einen blauen Kieselstein &hellip; <a href=\"https:\/\/blog.liesdoch.de\/?p=7540\" class=\"more-link\"><span class=\"screen-reader-text\">Der blaue Stein<\/span> weiterlesen <span class=\"meta-nav\">&rarr;<\/span><\/a><\/p>\n","protected":false},"author":6,"featured_media":0,"comment_status":"closed","ping_status":"open","sticky":false,"template":"","format":"standard","meta":{"footnotes":""},"categories":[1],"tags":[],"class_list":["post-7540","post","type-post","status-publish","format-standard","hentry","category-allgemein"],"_links":{"self":[{"href":"https:\/\/blog.liesdoch.de\/index.php?rest_route=\/wp\/v2\/posts\/7540","targetHints":{"allow":["GET"]}}],"collection":[{"href":"https:\/\/blog.liesdoch.de\/index.php?rest_route=\/wp\/v2\/posts"}],"about":[{"href":"https:\/\/blog.liesdoch.de\/index.php?rest_route=\/wp\/v2\/types\/post"}],"author":[{"embeddable":true,"href":"https:\/\/blog.liesdoch.de\/index.php?rest_route=\/wp\/v2\/users\/6"}],"replies":[{"embeddable":true,"href":"https:\/\/blog.liesdoch.de\/index.php?rest_route=%2Fwp%2Fv2%2Fcomments&post=7540"}],"version-history":[{"count":1,"href":"https:\/\/blog.liesdoch.de\/index.php?rest_route=\/wp\/v2\/posts\/7540\/revisions"}],"predecessor-version":[{"id":7542,"href":"https:\/\/blog.liesdoch.de\/index.php?rest_route=\/wp\/v2\/posts\/7540\/revisions\/7542"}],"wp:attachment":[{"href":"https:\/\/blog.liesdoch.de\/index.php?rest_route=%2Fwp%2Fv2%2Fmedia&parent=7540"}],"wp:term":[{"taxonomy":"category","embeddable":true,"href":"https:\/\/blog.liesdoch.de\/index.php?rest_route=%2Fwp%2Fv2%2Fcategories&post=7540"},{"taxonomy":"post_tag","embeddable":true,"href":"https:\/\/blog.liesdoch.de\/index.php?rest_route=%2Fwp%2Fv2%2Ftags&post=7540"}],"curies":[{"name":"wp","href":"https:\/\/api.w.org\/{rel}","templated":true}]}}