{"id":7552,"date":"2019-04-23T15:53:05","date_gmt":"2019-04-23T13:53:05","guid":{"rendered":"http:\/\/blog.liesdoch.de\/?p=7552"},"modified":"2019-04-23T15:53:05","modified_gmt":"2019-04-23T13:53:05","slug":"mein-allererstes-tierlexikon","status":"publish","type":"post","link":"https:\/\/blog.liesdoch.de\/?p=7552","title":{"rendered":"Mein allererstes Tierlexikon"},"content":{"rendered":"<p>&nbsp;<\/p>\n<p>&nbsp;<\/p>\n<p>&nbsp;<\/p>\n<p><a href=\"http:\/\/blog.liesdoch.de\/wp-content\/uploads\/2019\/04\/53769751n.jpg\"><img loading=\"lazy\" decoding=\"async\" class=\"alignnone size-full wp-image-7553\" src=\"http:\/\/blog.liesdoch.de\/wp-content\/uploads\/2019\/04\/53769751n.jpg\" alt=\"\" width=\"242\" height=\"242\" srcset=\"https:\/\/blog.liesdoch.de\/wp-content\/uploads\/2019\/04\/53769751n.jpg 242w, https:\/\/blog.liesdoch.de\/wp-content\/uploads\/2019\/04\/53769751n-150x150.jpg 150w\" sizes=\"auto, (max-width: 242px) 100vw, 242px\" \/><\/a><\/p>\n<p>Ana Weller, Mein allererstes Tierlexikon, Ravensburger Verlag 2019, ISBN 978-3-473-31758-5<\/p>\n<p>&nbsp;<\/p>\n<p>Kinder zeigen schon sehr fr\u00fch gro\u00dfes Interesse an Tieren. In dem vorliegenden Bilderbuch f\u00fcr Kinder ab 12 Monaten bis etwa zwei Jahre sind Tiere aus unterschiedlichen Lebensr\u00e4umen abgebildet und mit ihrem Namen benannt. Die kleinen Kinder k\u00f6nnen mit Hilfe ihrer Eltern Tiere kennenlernen und irgendwann auch wiedererkennen und benennen aus den Bereichen:<\/p>\n<ul>\n<li>Auf dem Bauernhof<\/li>\n<li>Wer lebt in der Wiese?<\/li>\n<li>Hoch in den Bergen<\/li>\n<li>Am Wasser<\/li>\n<li>Im Wald<\/li>\n<li>In Eis und Schnee<\/li>\n<li>Hier ist es hei\u00df (Tiere in Afrika)<\/li>\n<li>Im Meer<\/li>\n<li>Im Dschungel<\/li>\n<li>Zu Hause<\/li>\n<li>Tiere und ihre Kinder<\/li>\n<\/ul>\n<p>&nbsp;<\/p>\n<p>Schon kleine Kinder lernen mit diesem empfehlenswerten Buch aus der Reihe \u201eministeps\u201c die vielf\u00e4ltige und bunte Welt der Tiere kennen. Etwa einhundert sind es, die die Kinder erkennen und benennen lernen k\u00f6nnen. Es wird ihnen gro\u00dfen Spa\u00df machen und sie werden mit Hilfe ihrer gro\u00dfen Vorleser manches Tier in anderen Bilderb\u00fcchern wiederentdecken.<\/p>\n<p>&nbsp;<\/p>\n","protected":false},"excerpt":{"rendered":"<p>&nbsp; &nbsp; &nbsp; Ana Weller, Mein allererstes Tierlexikon, Ravensburger Verlag 2019, ISBN 978-3-473-31758-5 &nbsp; Kinder zeigen schon sehr fr\u00fch gro\u00dfes Interesse an Tieren. In dem vorliegenden Bilderbuch f\u00fcr Kinder ab 12 Monaten bis etwa zwei Jahre sind Tiere aus unterschiedlichen Lebensr\u00e4umen abgebildet und mit ihrem Namen benannt. Die kleinen Kinder k\u00f6nnen mit Hilfe ihrer Eltern &hellip; <a href=\"https:\/\/blog.liesdoch.de\/?p=7552\" class=\"more-link\"><span class=\"screen-reader-text\">Mein allererstes Tierlexikon<\/span> weiterlesen <span class=\"meta-nav\">&rarr;<\/span><\/a><\/p>\n","protected":false},"author":6,"featured_media":0,"comment_status":"closed","ping_status":"open","sticky":false,"template":"","format":"standard","meta":{"footnotes":""},"categories":[1],"tags":[],"class_list":["post-7552","post","type-post","status-publish","format-standard","hentry","category-allgemein"],"_links":{"self":[{"href":"https:\/\/blog.liesdoch.de\/index.php?rest_route=\/wp\/v2\/posts\/7552","targetHints":{"allow":["GET"]}}],"collection":[{"href":"https:\/\/blog.liesdoch.de\/index.php?rest_route=\/wp\/v2\/posts"}],"about":[{"href":"https:\/\/blog.liesdoch.de\/index.php?rest_route=\/wp\/v2\/types\/post"}],"author":[{"embeddable":true,"href":"https:\/\/blog.liesdoch.de\/index.php?rest_route=\/wp\/v2\/users\/6"}],"replies":[{"embeddable":true,"href":"https:\/\/blog.liesdoch.de\/index.php?rest_route=%2Fwp%2Fv2%2Fcomments&post=7552"}],"version-history":[{"count":1,"href":"https:\/\/blog.liesdoch.de\/index.php?rest_route=\/wp\/v2\/posts\/7552\/revisions"}],"predecessor-version":[{"id":7554,"href":"https:\/\/blog.liesdoch.de\/index.php?rest_route=\/wp\/v2\/posts\/7552\/revisions\/7554"}],"wp:attachment":[{"href":"https:\/\/blog.liesdoch.de\/index.php?rest_route=%2Fwp%2Fv2%2Fmedia&parent=7552"}],"wp:term":[{"taxonomy":"category","embeddable":true,"href":"https:\/\/blog.liesdoch.de\/index.php?rest_route=%2Fwp%2Fv2%2Fcategories&post=7552"},{"taxonomy":"post_tag","embeddable":true,"href":"https:\/\/blog.liesdoch.de\/index.php?rest_route=%2Fwp%2Fv2%2Ftags&post=7552"}],"curies":[{"name":"wp","href":"https:\/\/api.w.org\/{rel}","templated":true}]}}