{"id":7558,"date":"2019-04-23T15:54:10","date_gmt":"2019-04-23T13:54:10","guid":{"rendered":"http:\/\/blog.liesdoch.de\/?p=7558"},"modified":"2019-04-23T15:54:10","modified_gmt":"2019-04-23T13:54:10","slug":"schluss-mit-everbodys-darling","status":"publish","type":"post","link":"https:\/\/blog.liesdoch.de\/?p=7558","title":{"rendered":"Schluss mit everbodys Darling"},"content":{"rendered":"<p>&nbsp;<\/p>\n<p>&nbsp;<\/p>\n<p><a href=\"http:\/\/blog.liesdoch.de\/wp-content\/uploads\/2019\/04\/54501314n.jpg\"><img loading=\"lazy\" decoding=\"async\" class=\"alignnone size-medium wp-image-7559\" src=\"http:\/\/blog.liesdoch.de\/wp-content\/uploads\/2019\/04\/54501314n-189x300.jpg\" alt=\"\" width=\"189\" height=\"300\" srcset=\"https:\/\/blog.liesdoch.de\/wp-content\/uploads\/2019\/04\/54501314n-189x300.jpg 189w, https:\/\/blog.liesdoch.de\/wp-content\/uploads\/2019\/04\/54501314n.jpg 242w\" sizes=\"auto, (max-width: 189px) 100vw, 189px\" \/><\/a><\/p>\n<p>Carsten K. Rath, Schluss mit everbodys Darling, Goldegg Verlag 2019, ISBN 978-3-99060-105-1<\/p>\n<p>&nbsp;<\/p>\n<p>In den Zeiten, in denen der Autor dieser Rezension aufgewachsen ist, da war es g\u00e4ngige Erziehungspraxis von Eltern und Gro\u00dfeltern, den Kindern immer wieder zu vermitteln, dass \u201edas, was die Leute denken\u201c eine Gr\u00f6\u00dfe ist, die man nur selten ungestraft missachtet. Erst in meiner Jugend, auch unterst\u00fctzt von Studenten- und Sch\u00fclerbewegung gelang es mir teilweise, mich von dieser Maxime zu l\u00f6sen.<\/p>\n<p>&nbsp;<\/p>\n<p>Wie so vielen anderen Menschen, denen diese neue Zeit geholfen hat, ihren eigenen Weg zu gehen. Doch auch der war damals oft bestimmt durch andere. Die \u201eLeute\u201c der f\u00fcnfziger Jahre wurden abgel\u00f6st durch so manche Ideologie, so manche hegemoniale Bestrebungen bestimmter Gruppen, die immer schon genau wussten, wie \u201erichtiges, freies\u201c Leben geht und wie nicht.<\/p>\n<p>&nbsp;<\/p>\n<p>Und so kamen neue Zw\u00e4nge \u00fcber die Menschen.\u00a0 Heute ist es so, dass im Zeitalter der Likes und die das Selbstbewusstsein vieler Menschen bestimmende Zahl der \u201eFreunde\u201c in den angeblich \u201esozialen\u201c Medien viele Menschen vielleicht noch nie so fremdbestimmt\u00a0 waren wie nie zuvor.<\/p>\n<p>&nbsp;<\/p>\n<p>Beliebt sein, erfolgreich sein, Geld haben, mehrmals im Jahr in Urlaub fahren, sch\u00f6n und fit daher kommen, das sind die modernen Fremdbestimmer.<\/p>\n<p>&nbsp;<\/p>\n<p>Oft ist es durchaus so, dass der Einzelne durchaus sp\u00fcrt, wenn er gegen seine Prinzipien, gegen seine Werte, seine \u00dcberzeugung und sein Bauchgef\u00fchl handelt. Andere gehen sogar noch weiter um beliebt zu sein. Sie geben sich und ihr Selbst zeitweise oder ganz auf, verbiegen sich bis zur Selbstverleugnung, nur um bei anderen beliebt zu sein und deren Bewunderung zu bekommen. Kurzfristig erreichen sie dadurch Zuspruch. Auf lange Sicht verlieren sie sich aber selbst.<\/p>\n<p>&nbsp;<\/p>\n<p>Der Autor des vorliegenden Buches Carsten K. Rath betont immer wieder, dass Erfolg viel damit zu tun hat, dass man seinen eigenen Weg geht. \u00a0Dazu geh\u00f6rt notwendigerweise, dass man endlich damit aufh\u00f6rt, sich mit anderen zu vergleichen. Meine Erfahrung ist es, dass der Vergleich, wo und wann immer er angestellt wird, der Tod nicht nur\u00a0 jeder Individualit\u00e4t. sondern auch jeder Beziehung ist.<\/p>\n<p>&nbsp;<\/p>\n<p>Sein Leben selbst aktiv zu leben, sich nicht verstellen, mutig den eigenen Weg gehen, gegen alle meist erziehungsbedingte Widerst\u00e4nde, um sein eigenes pers\u00f6nliche Gl\u00fcck zu finden, dazu ermutigt der Autor in seinem Buch seine Leser mit vielen aufschlussreichen Beispielen.<\/p>\n<p>&nbsp;<\/p>\n<p>Dass der Weg zum eigenen Selbst auch ein spiritueller Weg ist, habe ich vor langer Zeit schon im wunderbaren immer noch lieferbaren Buch von Ulrich Schaffer gelernt, dass ich in diesem Zusammenhang immer noch empfehlen kann: \u201eGrundRechte- Ein Manifest.\u201c<\/p>\n<p>&nbsp;<\/p>\n<p>&nbsp;<\/p>\n<p>&nbsp;<\/p>\n<p>&nbsp;<\/p>\n","protected":false},"excerpt":{"rendered":"<p>&nbsp; &nbsp; Carsten K. Rath, Schluss mit everbodys Darling, Goldegg Verlag 2019, ISBN 978-3-99060-105-1 &nbsp; In den Zeiten, in denen der Autor dieser Rezension aufgewachsen ist, da war es g\u00e4ngige Erziehungspraxis von Eltern und Gro\u00dfeltern, den Kindern immer wieder zu vermitteln, dass \u201edas, was die Leute denken\u201c eine Gr\u00f6\u00dfe ist, die man nur selten ungestraft &hellip; <a href=\"https:\/\/blog.liesdoch.de\/?p=7558\" class=\"more-link\"><span class=\"screen-reader-text\">Schluss mit everbodys Darling<\/span> weiterlesen <span class=\"meta-nav\">&rarr;<\/span><\/a><\/p>\n","protected":false},"author":6,"featured_media":0,"comment_status":"closed","ping_status":"open","sticky":false,"template":"","format":"standard","meta":{"footnotes":""},"categories":[1],"tags":[],"class_list":["post-7558","post","type-post","status-publish","format-standard","hentry","category-allgemein"],"_links":{"self":[{"href":"https:\/\/blog.liesdoch.de\/index.php?rest_route=\/wp\/v2\/posts\/7558","targetHints":{"allow":["GET"]}}],"collection":[{"href":"https:\/\/blog.liesdoch.de\/index.php?rest_route=\/wp\/v2\/posts"}],"about":[{"href":"https:\/\/blog.liesdoch.de\/index.php?rest_route=\/wp\/v2\/types\/post"}],"author":[{"embeddable":true,"href":"https:\/\/blog.liesdoch.de\/index.php?rest_route=\/wp\/v2\/users\/6"}],"replies":[{"embeddable":true,"href":"https:\/\/blog.liesdoch.de\/index.php?rest_route=%2Fwp%2Fv2%2Fcomments&post=7558"}],"version-history":[{"count":1,"href":"https:\/\/blog.liesdoch.de\/index.php?rest_route=\/wp\/v2\/posts\/7558\/revisions"}],"predecessor-version":[{"id":7560,"href":"https:\/\/blog.liesdoch.de\/index.php?rest_route=\/wp\/v2\/posts\/7558\/revisions\/7560"}],"wp:attachment":[{"href":"https:\/\/blog.liesdoch.de\/index.php?rest_route=%2Fwp%2Fv2%2Fmedia&parent=7558"}],"wp:term":[{"taxonomy":"category","embeddable":true,"href":"https:\/\/blog.liesdoch.de\/index.php?rest_route=%2Fwp%2Fv2%2Fcategories&post=7558"},{"taxonomy":"post_tag","embeddable":true,"href":"https:\/\/blog.liesdoch.de\/index.php?rest_route=%2Fwp%2Fv2%2Ftags&post=7558"}],"curies":[{"name":"wp","href":"https:\/\/api.w.org\/{rel}","templated":true}]}}