{"id":7581,"date":"2019-05-03T14:28:05","date_gmt":"2019-05-03T12:28:05","guid":{"rendered":"http:\/\/blog.liesdoch.de\/?p=7581"},"modified":"2019-05-03T14:28:05","modified_gmt":"2019-05-03T12:28:05","slug":"mia-besucht-frau-turboschnecke-ein-bilderbuch-ueber-demenz","status":"publish","type":"post","link":"https:\/\/blog.liesdoch.de\/?p=7581","title":{"rendered":"Mia besucht Frau Turboschnecke. Ein Bilderbuch \u00fcber Demenz"},"content":{"rendered":"<p>&nbsp;<\/p>\n<p>&nbsp;<\/p>\n<p>&nbsp;<\/p>\n<p><a href=\"http:\/\/blog.liesdoch.de\/wp-content\/uploads\/2019\/05\/50247855n.jpg\"><img loading=\"lazy\" decoding=\"async\" class=\"alignnone size-medium wp-image-7582\" src=\"http:\/\/blog.liesdoch.de\/wp-content\/uploads\/2019\/05\/50247855n-223x300.jpg\" alt=\"\" width=\"223\" height=\"300\" srcset=\"https:\/\/blog.liesdoch.de\/wp-content\/uploads\/2019\/05\/50247855n-223x300.jpg 223w, https:\/\/blog.liesdoch.de\/wp-content\/uploads\/2019\/05\/50247855n.jpg 242w\" sizes=\"auto, (max-width: 223px) 100vw, 223px\" \/><\/a><\/p>\n<p>Martina Plieth, Mia besucht Frau Turboschnecke. Ein Bilderbuch \u00fcber Demenz, Neukirchener Verlag 2018, ISBN 978-37615-6424-0<\/p>\n<p>&nbsp;<\/p>\n<p>Martina Plieth, die Autorin dieser von Lena Miller illustrierten Geschichte f\u00fcr Kinder ab etwa sechs Jahren hat in der Zeit von 2005 bis 2010 als Pfarrerin in einem Altenheim gearbeitet und dabei viel Erfahrungen mit demenzkranken alten Menschen gemacht.<\/p>\n<p>&nbsp;<\/p>\n<p>Im Rahmen ihrer heutigen Arbeit als Professorin f\u00fcr Gemeindep\u00e4dagogik und Kirchlichen Bildungsarbeit an der Ev. Hochschule N\u00fcrnberg ist nun dieses Bilderbuch entstanden, das erfolgreich versucht, Kindern die Lebens- und Erfahrungswelt von demenzkranken Menschen zu vermitteln.<\/p>\n<p>&nbsp;<\/p>\n<p>Es erz\u00e4hlt von der kleinen Mia und ihrer Oma. Die beiden verstehen sich sehr gut und verbringen sehr viel Zeit miteinander. Nur freitags ist das anders. Denn da hat Mias Oma immer etwas anderes vor. Dann packt sie drei Tafeln Schokolade und einige Erinnerungsst\u00fccke in ihre &#8222;Sch\u00e4tzetasche&#8220;, wie sie sie nennt.<\/p>\n<p>&nbsp;<\/p>\n<p>Mit jeder Woche mehr wird Mia neugieriger, wo denn die Oma da freitags hin verschwindet.\u00a0 Doch eines Tages darf sie das Geheimnis l\u00fcften, denn Oma erlaubt Mia, sie zu begleiten. Und so lernt sie in einem Altenheim nicht nur Frau Turboschnecke, Frau Anderland und die beste Hochstaplerin der Welt kennen, sondern erf\u00e4hrt so wie auch die jungen LeserInnen dieses sch\u00f6nen und wichtigen Buches viel \u00fcber demente\u00a0 Menschen und was dieses Krankheit mit ihnen macht.<\/p>\n<p>&nbsp;<\/p>\n<p>Martina Plieth hat ein eindr\u00fcckliches Buch geschrieben \u00fcber Demenz und ihre Folgen\u00a0 und auch dar\u00fcber wie man in Freundschaft Menschen mit Demenz w\u00fcrdig und hilfreich begegnen kann.<\/p>\n<p>&nbsp;<\/p>\n<p>F\u00fcr Kinder, die demente Menschen zu ihrer Familie z\u00e4hlen ist das Buch nicht nur hilfreich sondern auch tr\u00f6stlich.<\/p>\n<p>&nbsp;<\/p>\n<p>&nbsp;<\/p>\n<p>&nbsp;<\/p>\n<p>&nbsp;<\/p>\n","protected":false},"excerpt":{"rendered":"<p>&nbsp; &nbsp; &nbsp; Martina Plieth, Mia besucht Frau Turboschnecke. Ein Bilderbuch \u00fcber Demenz, Neukirchener Verlag 2018, ISBN 978-37615-6424-0 &nbsp; Martina Plieth, die Autorin dieser von Lena Miller illustrierten Geschichte f\u00fcr Kinder ab etwa sechs Jahren hat in der Zeit von 2005 bis 2010 als Pfarrerin in einem Altenheim gearbeitet und dabei viel Erfahrungen mit demenzkranken &hellip; <a href=\"https:\/\/blog.liesdoch.de\/?p=7581\" class=\"more-link\"><span class=\"screen-reader-text\">Mia besucht Frau Turboschnecke. Ein Bilderbuch \u00fcber Demenz<\/span> weiterlesen <span class=\"meta-nav\">&rarr;<\/span><\/a><\/p>\n","protected":false},"author":6,"featured_media":0,"comment_status":"closed","ping_status":"open","sticky":false,"template":"","format":"standard","meta":{"footnotes":""},"categories":[1],"tags":[],"class_list":["post-7581","post","type-post","status-publish","format-standard","hentry","category-allgemein"],"_links":{"self":[{"href":"https:\/\/blog.liesdoch.de\/index.php?rest_route=\/wp\/v2\/posts\/7581","targetHints":{"allow":["GET"]}}],"collection":[{"href":"https:\/\/blog.liesdoch.de\/index.php?rest_route=\/wp\/v2\/posts"}],"about":[{"href":"https:\/\/blog.liesdoch.de\/index.php?rest_route=\/wp\/v2\/types\/post"}],"author":[{"embeddable":true,"href":"https:\/\/blog.liesdoch.de\/index.php?rest_route=\/wp\/v2\/users\/6"}],"replies":[{"embeddable":true,"href":"https:\/\/blog.liesdoch.de\/index.php?rest_route=%2Fwp%2Fv2%2Fcomments&post=7581"}],"version-history":[{"count":1,"href":"https:\/\/blog.liesdoch.de\/index.php?rest_route=\/wp\/v2\/posts\/7581\/revisions"}],"predecessor-version":[{"id":7583,"href":"https:\/\/blog.liesdoch.de\/index.php?rest_route=\/wp\/v2\/posts\/7581\/revisions\/7583"}],"wp:attachment":[{"href":"https:\/\/blog.liesdoch.de\/index.php?rest_route=%2Fwp%2Fv2%2Fmedia&parent=7581"}],"wp:term":[{"taxonomy":"category","embeddable":true,"href":"https:\/\/blog.liesdoch.de\/index.php?rest_route=%2Fwp%2Fv2%2Fcategories&post=7581"},{"taxonomy":"post_tag","embeddable":true,"href":"https:\/\/blog.liesdoch.de\/index.php?rest_route=%2Fwp%2Fv2%2Ftags&post=7581"}],"curies":[{"name":"wp","href":"https:\/\/api.w.org\/{rel}","templated":true}]}}