{"id":7596,"date":"2019-05-09T13:46:21","date_gmt":"2019-05-09T11:46:21","guid":{"rendered":"http:\/\/blog.liesdoch.de\/?p=7596"},"modified":"2019-05-09T13:46:21","modified_gmt":"2019-05-09T11:46:21","slug":"wie-gross-wie-weit-wie-schnell-die-welt-und-ich","status":"publish","type":"post","link":"https:\/\/blog.liesdoch.de\/?p=7596","title":{"rendered":"Wie gro\u00df, wie weit, wie schnell. Die Welt und ich"},"content":{"rendered":"<p>&nbsp;<\/p>\n<p>&nbsp;<\/p>\n<p>&nbsp;<\/p>\n<p><a href=\"http:\/\/blog.liesdoch.de\/wp-content\/uploads\/2019\/05\/52485977n.jpg\"><img loading=\"lazy\" decoding=\"async\" class=\"alignnone size-full wp-image-7597\" src=\"http:\/\/blog.liesdoch.de\/wp-content\/uploads\/2019\/05\/52485977n.jpg\" alt=\"\" width=\"242\" height=\"279\" \/><\/a><\/p>\n<p>Jun Cen, Wie gro\u00df, wie weit, wie schnell. Die Welt und ich, Kleine Gestalten 2018, ISBN 978-3-89955-811-1<\/p>\n<p>&nbsp;<\/p>\n<p>In diesem gro\u00dfformatigen und mit beeindruckenden Illustrationen von Jun Cen ausgestatteten Sachbilderbuch f\u00fcr Kinder ab etwa f\u00fcnf Jahren unternehmen die Macher des Kleinen Gestalten Verlags in Berlin eine spannende Reise durch die Natur und die Welt der Tiere. Indem sie immer wieder Gr\u00f6\u00dfe und Entfernungen verst\u00e4ndlich machen und vergleichen, wecken sie in den kleinen Lesern gro\u00dfe Neugier, sich selbst auf Entdeckungsreise nach den Wunder dieser Welt zu begeben.<\/p>\n<p>Wie gro\u00df etwa sind die Augen eines Tintenfischs? Wie viele Z\u00e4hne hat der wei\u00dfe Hai und wie alt ist der \u00e4lteste Baum? Wie gro\u00df, wie weit, wie schnell? \u201eDie Welt und ich\u201c nimmt neugierige Kinder mit auf eine spannende Reise durch Flora und Fauna.<\/p>\n<p>&nbsp;<\/p>\n<p>Gegen\u00fcberstellungen und auch f\u00fcr erwachsene Mit- und Vorleser originelle Vergleiche vermitteln allerhand spannende Tatsachen \u00fcber unseren Planeten. Die Illustrationen von Jun Cen veranschaulichen mit viel Liebe zum Detail unterschiedliche Ma\u00dfeinheiten und helfen kleinen Lesern dabei, ihre Umwelt besser zu begreifen.<\/p>\n<p>&nbsp;<\/p>\n<p>&nbsp;<\/p>\n","protected":false},"excerpt":{"rendered":"<p>&nbsp; &nbsp; &nbsp; Jun Cen, Wie gro\u00df, wie weit, wie schnell. Die Welt und ich, Kleine Gestalten 2018, ISBN 978-3-89955-811-1 &nbsp; In diesem gro\u00dfformatigen und mit beeindruckenden Illustrationen von Jun Cen ausgestatteten Sachbilderbuch f\u00fcr Kinder ab etwa f\u00fcnf Jahren unternehmen die Macher des Kleinen Gestalten Verlags in Berlin eine spannende Reise durch die Natur und &hellip; <a href=\"https:\/\/blog.liesdoch.de\/?p=7596\" class=\"more-link\"><span class=\"screen-reader-text\">Wie gro\u00df, wie weit, wie schnell. Die Welt und ich<\/span> weiterlesen <span class=\"meta-nav\">&rarr;<\/span><\/a><\/p>\n","protected":false},"author":6,"featured_media":0,"comment_status":"closed","ping_status":"open","sticky":false,"template":"","format":"standard","meta":{"footnotes":""},"categories":[1],"tags":[],"class_list":["post-7596","post","type-post","status-publish","format-standard","hentry","category-allgemein"],"_links":{"self":[{"href":"https:\/\/blog.liesdoch.de\/index.php?rest_route=\/wp\/v2\/posts\/7596","targetHints":{"allow":["GET"]}}],"collection":[{"href":"https:\/\/blog.liesdoch.de\/index.php?rest_route=\/wp\/v2\/posts"}],"about":[{"href":"https:\/\/blog.liesdoch.de\/index.php?rest_route=\/wp\/v2\/types\/post"}],"author":[{"embeddable":true,"href":"https:\/\/blog.liesdoch.de\/index.php?rest_route=\/wp\/v2\/users\/6"}],"replies":[{"embeddable":true,"href":"https:\/\/blog.liesdoch.de\/index.php?rest_route=%2Fwp%2Fv2%2Fcomments&post=7596"}],"version-history":[{"count":1,"href":"https:\/\/blog.liesdoch.de\/index.php?rest_route=\/wp\/v2\/posts\/7596\/revisions"}],"predecessor-version":[{"id":7598,"href":"https:\/\/blog.liesdoch.de\/index.php?rest_route=\/wp\/v2\/posts\/7596\/revisions\/7598"}],"wp:attachment":[{"href":"https:\/\/blog.liesdoch.de\/index.php?rest_route=%2Fwp%2Fv2%2Fmedia&parent=7596"}],"wp:term":[{"taxonomy":"category","embeddable":true,"href":"https:\/\/blog.liesdoch.de\/index.php?rest_route=%2Fwp%2Fv2%2Fcategories&post=7596"},{"taxonomy":"post_tag","embeddable":true,"href":"https:\/\/blog.liesdoch.de\/index.php?rest_route=%2Fwp%2Fv2%2Ftags&post=7596"}],"curies":[{"name":"wp","href":"https:\/\/api.w.org\/{rel}","templated":true}]}}