{"id":762,"date":"2015-11-06T12:47:28","date_gmt":"2015-11-06T10:47:28","guid":{"rendered":"http:\/\/blog.liesdoch.de\/?p=762"},"modified":"2015-11-06T12:47:28","modified_gmt":"2015-11-06T10:47:28","slug":"rabensommer","status":"publish","type":"post","link":"https:\/\/blog.liesdoch.de\/?p=762","title":{"rendered":"Rabensommer"},"content":{"rendered":"<p>&nbsp;<\/p>\n<p><a href=\"http:\/\/blog.liesdoch.de\/wp-content\/uploads\/2015\/11\/42679287z.jpg\"><img loading=\"lazy\" decoding=\"async\" class=\"alignnone size-medium wp-image-763\" src=\"http:\/\/blog.liesdoch.de\/wp-content\/uploads\/2015\/11\/42679287z-197x300.jpg\" alt=\"42679287z\" width=\"197\" height=\"300\" srcset=\"https:\/\/blog.liesdoch.de\/wp-content\/uploads\/2015\/11\/42679287z-197x300.jpg 197w, https:\/\/blog.liesdoch.de\/wp-content\/uploads\/2015\/11\/42679287z.jpg 312w\" sizes=\"auto, (max-width: 197px) 100vw, 197px\" \/><\/a><\/p>\n<p>&nbsp;<\/p>\n<p>Elisabeth Steinkellner, Rabensommer, Beltz &amp; Gelberg 2015, ISBMN 978-3-407-81200-1<\/p>\n<p>Dieser neue Jugendroman der \u00f6sterreichischen Kinder- und Jugendbuchautorin Elisabeth Steinkellner handelt von einer Lebensphase in der Adoleszenz und von ihren Erfahrungen, die viele Erwachsene kennen. Ich jedenfalls war \u00fcber die ganze Zeit immer wieder mit meinen Erinnerungen in jenen Monaten, als nach dem Abitur und den sich anschlie\u00dfenden ausgelassenen Feiern \u00fcber Jahre gewachsene Freundschaften und Lieben zerbrachen, einfach deshalb, weil jeder durch Studien- und Ortswahl einen anderen Weg einschlug.<\/p>\n<p>So \u00e4hnlich ergeht es der ich-erz\u00e4hlenden Juli. Ihre drei Freunde Ronja, Niels und August \u2013 sie k\u00f6nnten verschiedener nicht sein \u2013 sind seit vielen Jahren dicke Freunde, die schon viel miteinander erlebt und etliches miteinander geteilt haben. So wie die Raben, mit denen Juli ihre Truppe gerne vergleicht.<\/p>\n<p>Nun, in ihrem letzten \u201eRabensommer\u201c wie sich herausstellt, nach dem Abitur, muss jeder f\u00fcr sich selbst entscheiden, wie es in seinem Leben weitergeht, was die n\u00e4chste Etappe sein soll. Doch schon bevor jeder von den vieren den n\u00e4chsten Schritt tut, beginnt sich w\u00e4hrend des Sommers aus der Sicht von Juli schon alles Schlag auf Schlag zu ver\u00e4ndern. Und es f\u00e4llt ihr schwer, sich damit zurechtzufinden. Pl\u00f6tzlich ohne die Freunde und das tragende Netz der Freundschaft, sieht sie sich gezwungen, ihr eigenes Leben neu zu ordnen und ihm einen neuen Sinn und eine neue Richtung zu geben. \u201eDamit sie wieder tanzen kann. Tanzen, leben, lieben\u201c (Klappentext)<\/p>\n<p>Elisabeth Steinkellner ist eine gute Erz\u00e4hlerin. Mit einer sehr poetischen Sprache, die den Leser schnell gefangen nimmt, erz\u00e4hlt sie von einer Phase des Erwachsenwerdens, die junge Menschen nicht ohne\u00a0 Schmerzen und Wunden durchlaufen. Doch das Buch und das Schicksal nicht nur von Juli, sondern auch der anderen drei Freunde machen Mut. Mut, das eigene Leben in die Hand zu nehmen und darauf zu vertrauen, dass es ein Ziel haben wird. Dass alte Freundschaften im Herzen \u00fcberleben, und dort doch noch so unendlich viel Platz ist f\u00fcr neue, das ganze Leben lang.<\/p>\n","protected":false},"excerpt":{"rendered":"<p>&nbsp; &nbsp; Elisabeth Steinkellner, Rabensommer, Beltz &amp; Gelberg 2015, ISBMN 978-3-407-81200-1 Dieser neue Jugendroman der \u00f6sterreichischen Kinder- und Jugendbuchautorin Elisabeth Steinkellner handelt von einer Lebensphase in der Adoleszenz und von ihren Erfahrungen, die viele Erwachsene kennen. Ich jedenfalls war \u00fcber die ganze Zeit immer wieder mit meinen Erinnerungen in jenen Monaten, als nach dem Abitur &hellip; <a href=\"https:\/\/blog.liesdoch.de\/?p=762\" class=\"more-link\"><span class=\"screen-reader-text\">Rabensommer<\/span> weiterlesen <span class=\"meta-nav\">&rarr;<\/span><\/a><\/p>\n","protected":false},"author":6,"featured_media":0,"comment_status":"open","ping_status":"open","sticky":false,"template":"","format":"standard","meta":{"footnotes":""},"categories":[1],"tags":[271,58],"class_list":["post-762","post","type-post","status-publish","format-standard","hentry","category-allgemein","tag-aoleszenz","tag-jugendroman"],"_links":{"self":[{"href":"https:\/\/blog.liesdoch.de\/index.php?rest_route=\/wp\/v2\/posts\/762","targetHints":{"allow":["GET"]}}],"collection":[{"href":"https:\/\/blog.liesdoch.de\/index.php?rest_route=\/wp\/v2\/posts"}],"about":[{"href":"https:\/\/blog.liesdoch.de\/index.php?rest_route=\/wp\/v2\/types\/post"}],"author":[{"embeddable":true,"href":"https:\/\/blog.liesdoch.de\/index.php?rest_route=\/wp\/v2\/users\/6"}],"replies":[{"embeddable":true,"href":"https:\/\/blog.liesdoch.de\/index.php?rest_route=%2Fwp%2Fv2%2Fcomments&post=762"}],"version-history":[{"count":1,"href":"https:\/\/blog.liesdoch.de\/index.php?rest_route=\/wp\/v2\/posts\/762\/revisions"}],"predecessor-version":[{"id":764,"href":"https:\/\/blog.liesdoch.de\/index.php?rest_route=\/wp\/v2\/posts\/762\/revisions\/764"}],"wp:attachment":[{"href":"https:\/\/blog.liesdoch.de\/index.php?rest_route=%2Fwp%2Fv2%2Fmedia&parent=762"}],"wp:term":[{"taxonomy":"category","embeddable":true,"href":"https:\/\/blog.liesdoch.de\/index.php?rest_route=%2Fwp%2Fv2%2Fcategories&post=762"},{"taxonomy":"post_tag","embeddable":true,"href":"https:\/\/blog.liesdoch.de\/index.php?rest_route=%2Fwp%2Fv2%2Ftags&post=762"}],"curies":[{"name":"wp","href":"https:\/\/api.w.org\/{rel}","templated":true}]}}