{"id":7668,"date":"2019-05-21T12:27:46","date_gmt":"2019-05-21T10:27:46","guid":{"rendered":"http:\/\/blog.liesdoch.de\/?p=7668"},"modified":"2019-05-21T12:27:46","modified_gmt":"2019-05-21T10:27:46","slug":"auris","status":"publish","type":"post","link":"https:\/\/blog.liesdoch.de\/?p=7668","title":{"rendered":"Auris"},"content":{"rendered":"<p>&nbsp;<\/p>\n<p>&nbsp;<\/p>\n<p>&nbsp;<\/p>\n<p>&nbsp;<\/p>\n<p><a href=\"http:\/\/blog.liesdoch.de\/wp-content\/uploads\/2019\/05\/54443251n.jpg\"><img loading=\"lazy\" decoding=\"async\" class=\"alignnone size-medium wp-image-7669\" src=\"http:\/\/blog.liesdoch.de\/wp-content\/uploads\/2019\/05\/54443251n-197x300.jpg\" alt=\"\" width=\"197\" height=\"300\" srcset=\"https:\/\/blog.liesdoch.de\/wp-content\/uploads\/2019\/05\/54443251n-197x300.jpg 197w, https:\/\/blog.liesdoch.de\/wp-content\/uploads\/2019\/05\/54443251n.jpg 242w\" sizes=\"auto, (max-width: 197px) 100vw, 197px\" \/><\/a><\/p>\n<p>Vincent Kliesch, Auris, Droemer 2019, ISBN 978-3-426-30718-2<\/p>\n<p>&nbsp;<\/p>\n<p>Der vorliegende Thriller von Vincent Kliesch nach einer Idee von Sebastian Fitzek ist der Beginn einer wohl l\u00e4ngeren Reihe. Ein erfolgreicher und absolut gelungener Beginn muss man gleich zu Beginn\u00a0 sagen.<\/p>\n<p>&nbsp;<\/p>\n<p>Denn die Einf\u00fchrung eines akustischen Profilers in die Krimi- und Thrillerliteratur war eine wunderbare Idee von Sebastian Fitzek, die sein Freund und Kollege Vincent Kliesch in enger Kooperation mit ihm genial umgesetzt hat.<\/p>\n<p>&nbsp;<\/p>\n<p>Die Rede ist von Matthias Hegel, genannt \u201eAuris\u201c (= lat.: das Ohr), ist ein renommierter Professor, der eine sehr ungew\u00f6hnliche Gabe besitzt. Nur anhand der Stimme eines T\u00e4ters oder Verd\u00e4chtigen, sogar wenn sie verzerrt zu h\u00f6ren ist, kann er dessen Herkunft, Aussehen und die seelische Verfassung ermitteln und so zuverl\u00e4ssig die Wahrheit von der L\u00fcge unterscheiden. Schon viele T\u00e4ter hat er mit seiner au\u00dfergew\u00f6hnlichen Kunst zu \u00fcberf\u00fchren geholfen und war lange Zeit ein oft gerufener Helfer in zahlreichen Ermittlungen der Polizei.<\/p>\n<p>&nbsp;<\/p>\n<p>Doch nun, zu Beginn des Buches sitzt der Professor selbst in Haft wegen eines brutalen Mordes, den er selbst gestanden hat, und der ihn lebenslang im Knast verschwinden l\u00e4sst.<\/p>\n<p>&nbsp;<\/p>\n<p>Doch da ist die andere Hauptfigur des Romans und wohl auch der ganzen Serie. Jula Ansorge ist eine junge Journalistin beim Rundfunk, die in ihrer Freizeit einen viel geh\u00f6rten True-Crime-Podcast betreibt, der auch bei Matthias Hegel und auch in Teilen der Unterwelt nicht unbemerkt geblieben ist. Sie versucht, das ist ihr Hintergrund, ein pers\u00f6nliches Trauma in der Vergangenheit zu vergessen, vergeblich.<\/p>\n<p>&nbsp;<\/p>\n<p>Sie hat, als sie von Hegels Schicksal erf\u00e4hrt, erhebliche Zweifel an seiner Schuld und ist \u00fcberzeugt davon, dass es ihre Aufgabe ist, einen gro\u00dfen Justizirrtum aufzukl\u00e4ren. Mutig und mit viel Engagement w\u00fchlt sie sich hinein in Hegels r\u00e4tselhaften Fall, lernt ihn im Gef\u00e4ngnis kennen, doch er lehnt jegliche Hilfe ab. Bald schon aber glaubt sie langsam sein Vertrauen zu gewinnen, doch schon hier wird der Leser bald skeptisch. Denn Matthias Hegel scheint mehrere Gesichter zu haben. Nichts scheint eindeutig und mit dem durchaus erfolgreichen\u00a0 Fortschreiten ihrer Investigationen ger\u00e4t nicht nur Jula Ansorge selbst in Todesgefahr, sondern auch der Mensch, der ihr am wichtigsten ist\u2026<\/p>\n<p>&nbsp;<\/p>\n<p>Forensische Phonetik, ein neues Thema, mit zwei interessanten Hauptfiguren gekonnt in Szene gesetzt. Das Ende l\u00e4sst den Leser gespannt auf die Fortsetzung warten an der bestimmt schon geschrieben wird.<\/p>\n<p>&nbsp;<\/p>\n<p>&nbsp;<\/p>\n<p>&nbsp;<\/p>\n<p>&nbsp;<\/p>\n<p>&nbsp;<\/p>\n","protected":false},"excerpt":{"rendered":"<p>&nbsp; &nbsp; &nbsp; &nbsp; Vincent Kliesch, Auris, Droemer 2019, ISBN 978-3-426-30718-2 &nbsp; Der vorliegende Thriller von Vincent Kliesch nach einer Idee von Sebastian Fitzek ist der Beginn einer wohl l\u00e4ngeren Reihe. Ein erfolgreicher und absolut gelungener Beginn muss man gleich zu Beginn\u00a0 sagen. &nbsp; Denn die Einf\u00fchrung eines akustischen Profilers in die Krimi- und Thrillerliteratur &hellip; <a href=\"https:\/\/blog.liesdoch.de\/?p=7668\" class=\"more-link\"><span class=\"screen-reader-text\">Auris<\/span> weiterlesen <span class=\"meta-nav\">&rarr;<\/span><\/a><\/p>\n","protected":false},"author":6,"featured_media":0,"comment_status":"closed","ping_status":"open","sticky":false,"template":"","format":"standard","meta":{"footnotes":""},"categories":[1],"tags":[],"class_list":["post-7668","post","type-post","status-publish","format-standard","hentry","category-allgemein"],"_links":{"self":[{"href":"https:\/\/blog.liesdoch.de\/index.php?rest_route=\/wp\/v2\/posts\/7668","targetHints":{"allow":["GET"]}}],"collection":[{"href":"https:\/\/blog.liesdoch.de\/index.php?rest_route=\/wp\/v2\/posts"}],"about":[{"href":"https:\/\/blog.liesdoch.de\/index.php?rest_route=\/wp\/v2\/types\/post"}],"author":[{"embeddable":true,"href":"https:\/\/blog.liesdoch.de\/index.php?rest_route=\/wp\/v2\/users\/6"}],"replies":[{"embeddable":true,"href":"https:\/\/blog.liesdoch.de\/index.php?rest_route=%2Fwp%2Fv2%2Fcomments&post=7668"}],"version-history":[{"count":1,"href":"https:\/\/blog.liesdoch.de\/index.php?rest_route=\/wp\/v2\/posts\/7668\/revisions"}],"predecessor-version":[{"id":7670,"href":"https:\/\/blog.liesdoch.de\/index.php?rest_route=\/wp\/v2\/posts\/7668\/revisions\/7670"}],"wp:attachment":[{"href":"https:\/\/blog.liesdoch.de\/index.php?rest_route=%2Fwp%2Fv2%2Fmedia&parent=7668"}],"wp:term":[{"taxonomy":"category","embeddable":true,"href":"https:\/\/blog.liesdoch.de\/index.php?rest_route=%2Fwp%2Fv2%2Fcategories&post=7668"},{"taxonomy":"post_tag","embeddable":true,"href":"https:\/\/blog.liesdoch.de\/index.php?rest_route=%2Fwp%2Fv2%2Ftags&post=7668"}],"curies":[{"name":"wp","href":"https:\/\/api.w.org\/{rel}","templated":true}]}}