{"id":7712,"date":"2019-05-28T09:10:25","date_gmt":"2019-05-28T07:10:25","guid":{"rendered":"http:\/\/blog.liesdoch.de\/?p=7712"},"modified":"2019-05-28T09:10:25","modified_gmt":"2019-05-28T07:10:25","slug":"schau-mal-ein-marienkaefer","status":"publish","type":"post","link":"https:\/\/blog.liesdoch.de\/?p=7712","title":{"rendered":"Schau mal, ein Marienk\u00e4fer"},"content":{"rendered":"<p>&nbsp;<\/p>\n<p>&nbsp;<\/p>\n<p><a href=\"http:\/\/blog.liesdoch.de\/wp-content\/uploads\/2019\/05\/53702215n.jpg\"><img loading=\"lazy\" decoding=\"async\" class=\"alignnone size-full wp-image-7713\" src=\"http:\/\/blog.liesdoch.de\/wp-content\/uploads\/2019\/05\/53702215n.jpg\" alt=\"\" width=\"242\" height=\"208\" \/><\/a><\/p>\n<p>B\u00e4rbel Oftring, Jana Walczyk, Schau mal, ein Marienk\u00e4fer, Gerstenberg 2019, ISBN 978-3-8369-5659-0<\/p>\n<p>&nbsp;<\/p>\n<p>Nachdem die bekannte Autorin von Sachbilderb\u00fcchern f\u00fcr Kinder mit den Themen Natur und Tiere, B\u00e4rbel Oftring im vergangenen Jahr sich dem Leben einer Schnecke im Jahreslauf gewidmet hat,\u00a0 widmet sie sich in ihrem neuen Buch dem kleinen Marienk\u00e4fer und seinem Leben durch die Jahreszeiten. Wieder hat Jana Walczyk mit gro\u00dfen und farbenpr\u00e4chtigen Illustrationen das Buch ausgestaltet und sein Anschauen zu einer wahren Freude f\u00fcr Kinder und Erwachsene gemacht.<\/p>\n<p>&nbsp;<\/p>\n<p>Zu Beginn liegt noch Schnee, die Schneegl\u00f6ckchen treiben der ersten Fr\u00fchlingssonne entgegen und auf einem ihrer Bl\u00fcten ist ein Marienk\u00e4fer gelandet.<\/p>\n<p>&nbsp;<\/p>\n<p>Ein Kind, mit dem sich jedes dieses Buch betrachtenden Kind sofort identifiziert, zumal es von der Autorin im weiteren Verlauf des Buches immer wieder pers\u00f6nlich angesprochen. Das Kind im Buch und das Kind vor dem Buch k\u00f6nnen seinem Nachwuchs beim Aufwachsen zusehen, erfahren vom Nutzen des K\u00e4fers im Garten und d\u00fcrfen sogar einen Blick unter seine Fl\u00fcgel werfen. Unter den Klappen des fortlaufenden Textes gibt es noch viel mehr Wissenswertes \u00fcber den Siebenpunkt- Marienk\u00e4fer und seine farbenfrohen Verwandten zu entdecken.<\/p>\n<p>Am Ende des Buches findet man noch eine Bauanleitung f\u00fcr ein \u201eMarienk\u00e4fer-Winterh\u00e4uschen\u201c, eine vielleicht sch\u00f6ne und sinnvolle handwerkliche Besch\u00e4ftigung der Eltern mit ihrem Kind. Damit auch im n\u00e4chsten Jahr der Marienk\u00e4fer wieder in den Garten kommt.<\/p>\n<p>&nbsp;<\/p>\n","protected":false},"excerpt":{"rendered":"<p>&nbsp; &nbsp; B\u00e4rbel Oftring, Jana Walczyk, Schau mal, ein Marienk\u00e4fer, Gerstenberg 2019, ISBN 978-3-8369-5659-0 &nbsp; Nachdem die bekannte Autorin von Sachbilderb\u00fcchern f\u00fcr Kinder mit den Themen Natur und Tiere, B\u00e4rbel Oftring im vergangenen Jahr sich dem Leben einer Schnecke im Jahreslauf gewidmet hat,\u00a0 widmet sie sich in ihrem neuen Buch dem kleinen Marienk\u00e4fer und seinem &hellip; <a href=\"https:\/\/blog.liesdoch.de\/?p=7712\" class=\"more-link\"><span class=\"screen-reader-text\">Schau mal, ein Marienk\u00e4fer<\/span> weiterlesen <span class=\"meta-nav\">&rarr;<\/span><\/a><\/p>\n","protected":false},"author":6,"featured_media":0,"comment_status":"closed","ping_status":"open","sticky":false,"template":"","format":"standard","meta":{"footnotes":""},"categories":[1],"tags":[],"class_list":["post-7712","post","type-post","status-publish","format-standard","hentry","category-allgemein"],"_links":{"self":[{"href":"https:\/\/blog.liesdoch.de\/index.php?rest_route=\/wp\/v2\/posts\/7712","targetHints":{"allow":["GET"]}}],"collection":[{"href":"https:\/\/blog.liesdoch.de\/index.php?rest_route=\/wp\/v2\/posts"}],"about":[{"href":"https:\/\/blog.liesdoch.de\/index.php?rest_route=\/wp\/v2\/types\/post"}],"author":[{"embeddable":true,"href":"https:\/\/blog.liesdoch.de\/index.php?rest_route=\/wp\/v2\/users\/6"}],"replies":[{"embeddable":true,"href":"https:\/\/blog.liesdoch.de\/index.php?rest_route=%2Fwp%2Fv2%2Fcomments&post=7712"}],"version-history":[{"count":1,"href":"https:\/\/blog.liesdoch.de\/index.php?rest_route=\/wp\/v2\/posts\/7712\/revisions"}],"predecessor-version":[{"id":7714,"href":"https:\/\/blog.liesdoch.de\/index.php?rest_route=\/wp\/v2\/posts\/7712\/revisions\/7714"}],"wp:attachment":[{"href":"https:\/\/blog.liesdoch.de\/index.php?rest_route=%2Fwp%2Fv2%2Fmedia&parent=7712"}],"wp:term":[{"taxonomy":"category","embeddable":true,"href":"https:\/\/blog.liesdoch.de\/index.php?rest_route=%2Fwp%2Fv2%2Fcategories&post=7712"},{"taxonomy":"post_tag","embeddable":true,"href":"https:\/\/blog.liesdoch.de\/index.php?rest_route=%2Fwp%2Fv2%2Ftags&post=7712"}],"curies":[{"name":"wp","href":"https:\/\/api.w.org\/{rel}","templated":true}]}}