{"id":7715,"date":"2019-05-28T09:11:03","date_gmt":"2019-05-28T07:11:03","guid":{"rendered":"http:\/\/blog.liesdoch.de\/?p=7715"},"modified":"2019-05-28T09:11:03","modified_gmt":"2019-05-28T07:11:03","slug":"von-kartoffeln-und-kanaken","status":"publish","type":"post","link":"https:\/\/blog.liesdoch.de\/?p=7715","title":{"rendered":"Von Kartoffeln und Kanaken"},"content":{"rendered":"<p>&nbsp;<\/p>\n<p>&nbsp;<\/p>\n<p><a href=\"http:\/\/blog.liesdoch.de\/wp-content\/uploads\/2019\/05\/54751969n.jpg\"><img loading=\"lazy\" decoding=\"async\" class=\"alignnone size-medium wp-image-7716\" src=\"http:\/\/blog.liesdoch.de\/wp-content\/uploads\/2019\/05\/54751969n-198x300.jpg\" alt=\"\" width=\"198\" height=\"300\" srcset=\"https:\/\/blog.liesdoch.de\/wp-content\/uploads\/2019\/05\/54751969n-198x300.jpg 198w, https:\/\/blog.liesdoch.de\/wp-content\/uploads\/2019\/05\/54751969n.jpg 242w\" sizes=\"auto, (max-width: 198px) 100vw, 198px\" \/><\/a><\/p>\n<p>Julia W\u00f6llenstein, Von Kartoffeln und Kanaken, mvg verlag 2019, ISBN 978-3-7474-0055-5<\/p>\n<p>&nbsp;<\/p>\n<p>Julia W\u00f6llenstein ist nicht die erste und wohl auch nicht die letzte P\u00e4dagogin, die es wagt, mit einem Buch an die \u00d6ffentlichkeit zu gehen und zu beschreiben, wie der wirkliche Alltag an unseren Schulen mittlerweile aussieht. Sie ist nach wie vor engagiert, ein linksliberales politisches Bewusstsein kollidiert jedoch immer mehr mit den Problemen, mit denen sie sich konfrontiert sieht. Die Mehrzahl ihrer Sch\u00fcler hat einen Migrationshintergrund, was nicht nur aufgrund der oft nur rudiment\u00e4ren Deutschkenntnisse zu Problemen f\u00fchrt. Unterschiedliche kulturelle und religi\u00f6se Hintergr\u00fcnde f\u00fchren zu Konflikten untereinander, die einen Lehrer vor Aufgaben und Herausforderungen stellen, die weit \u00fcber das normale Unterrichten hinausgehen.<\/p>\n<p>&nbsp;<\/p>\n<p>Sie m\u00fcht sich, macht auch, allerdings haarstr\u00e4ubende, Vorschl\u00e4ge, was passieren m\u00fcsste im Land, damit so etwas wie Integration gelingt, doch ihr Buch liest sich wie eine einzige Dokumentation eines gesamtgesellschaftlichen Scheitern, das die Lehrer an unseren Schulen ausbaden m\u00fcssen. Denn die Migrationspolitik der Regierung hat genau zu den Problemen gef\u00fchrt, mit denen sich Julia W\u00f6llenstein nicht als einzige konfrontiert sieht.<\/p>\n<p>&nbsp;<\/p>\n<p>Sie sagt, sie habe Hoffnung f\u00fcr die Zukunft der Integration, doch das Buch ist ein einziges Eingest\u00e4ndnis von niederschmetternder Hoffnungslosigkeit.<\/p>\n<p>&nbsp;<\/p>\n<p>Das, was viele Mahner schon sehr fr\u00fch prophezeit haben, zeigt sich mit jedem Jahr in unserem Land mehr. Kulturen, die nicht miteinander vereinbar sind und die dies auch gar nicht wollen, werden irgendwann beginnen, Parallelgesellschaften zu bilden.<\/p>\n<p>&nbsp;<\/p>\n<p>Man kann es heute schon sehen. Die Perspektiven f\u00fcr die Zukunft sind nicht gut. Munition f\u00fcr Populisten hier und dort.<\/p>\n<p>&nbsp;<\/p>\n<p>&nbsp;<\/p>\n<p>&nbsp;<\/p>\n<p>&nbsp;<\/p>\n<p>&nbsp;<\/p>\n","protected":false},"excerpt":{"rendered":"<p>&nbsp; &nbsp; Julia W\u00f6llenstein, Von Kartoffeln und Kanaken, mvg verlag 2019, ISBN 978-3-7474-0055-5 &nbsp; Julia W\u00f6llenstein ist nicht die erste und wohl auch nicht die letzte P\u00e4dagogin, die es wagt, mit einem Buch an die \u00d6ffentlichkeit zu gehen und zu beschreiben, wie der wirkliche Alltag an unseren Schulen mittlerweile aussieht. Sie ist nach wie vor &hellip; <a href=\"https:\/\/blog.liesdoch.de\/?p=7715\" class=\"more-link\"><span class=\"screen-reader-text\">Von Kartoffeln und Kanaken<\/span> weiterlesen <span class=\"meta-nav\">&rarr;<\/span><\/a><\/p>\n","protected":false},"author":6,"featured_media":0,"comment_status":"closed","ping_status":"open","sticky":false,"template":"","format":"standard","meta":{"footnotes":""},"categories":[1],"tags":[],"class_list":["post-7715","post","type-post","status-publish","format-standard","hentry","category-allgemein"],"_links":{"self":[{"href":"https:\/\/blog.liesdoch.de\/index.php?rest_route=\/wp\/v2\/posts\/7715","targetHints":{"allow":["GET"]}}],"collection":[{"href":"https:\/\/blog.liesdoch.de\/index.php?rest_route=\/wp\/v2\/posts"}],"about":[{"href":"https:\/\/blog.liesdoch.de\/index.php?rest_route=\/wp\/v2\/types\/post"}],"author":[{"embeddable":true,"href":"https:\/\/blog.liesdoch.de\/index.php?rest_route=\/wp\/v2\/users\/6"}],"replies":[{"embeddable":true,"href":"https:\/\/blog.liesdoch.de\/index.php?rest_route=%2Fwp%2Fv2%2Fcomments&post=7715"}],"version-history":[{"count":1,"href":"https:\/\/blog.liesdoch.de\/index.php?rest_route=\/wp\/v2\/posts\/7715\/revisions"}],"predecessor-version":[{"id":7717,"href":"https:\/\/blog.liesdoch.de\/index.php?rest_route=\/wp\/v2\/posts\/7715\/revisions\/7717"}],"wp:attachment":[{"href":"https:\/\/blog.liesdoch.de\/index.php?rest_route=%2Fwp%2Fv2%2Fmedia&parent=7715"}],"wp:term":[{"taxonomy":"category","embeddable":true,"href":"https:\/\/blog.liesdoch.de\/index.php?rest_route=%2Fwp%2Fv2%2Fcategories&post=7715"},{"taxonomy":"post_tag","embeddable":true,"href":"https:\/\/blog.liesdoch.de\/index.php?rest_route=%2Fwp%2Fv2%2Ftags&post=7715"}],"curies":[{"name":"wp","href":"https:\/\/api.w.org\/{rel}","templated":true}]}}