{"id":7730,"date":"2019-05-28T12:27:10","date_gmt":"2019-05-28T10:27:10","guid":{"rendered":"http:\/\/blog.liesdoch.de\/?p=7730"},"modified":"2019-05-28T12:27:10","modified_gmt":"2019-05-28T10:27:10","slug":"monster","status":"publish","type":"post","link":"https:\/\/blog.liesdoch.de\/?p=7730","title":{"rendered":"Monster"},"content":{"rendered":"<p>&nbsp;<\/p>\n<p>&nbsp;<\/p>\n<p>&nbsp;<\/p>\n<p>&nbsp;<\/p>\n<p>&nbsp;<\/p>\n<p>&nbsp;<\/p>\n<p><a href=\"http:\/\/blog.liesdoch.de\/wp-content\/uploads\/2019\/05\/54524582n.jpg\"><img loading=\"lazy\" decoding=\"async\" class=\"alignnone size-medium wp-image-7732\" src=\"http:\/\/blog.liesdoch.de\/wp-content\/uploads\/2019\/05\/54524582n-184x300.jpg\" alt=\"\" width=\"184\" height=\"300\" srcset=\"https:\/\/blog.liesdoch.de\/wp-content\/uploads\/2019\/05\/54524582n-184x300.jpg 184w, https:\/\/blog.liesdoch.de\/wp-content\/uploads\/2019\/05\/54524582n.jpg 242w\" sizes=\"auto, (max-width: 184px) 100vw, 184px\" \/><\/a><\/p>\n<p>Yishai Sarid, Monster, Kein &amp; Aber 2019, ISBN 978-3-0369-5796-8<\/p>\n<p>&nbsp;<\/p>\n<p>Der Ich-Erz\u00e4hler des neuen bei Kein &amp; Aber erschienenen und von Ruth Achlama aus dem Hebr\u00e4ischen ins Deutsche \u00fcbersetzten Romans von Yishai Sarid schreibt einen langen Brief an seinen Chef, den Leiter der Ged\u00e4chtnisst\u00e4tte Yad Vaschem in Israel.<\/p>\n<p>&nbsp;<\/p>\n<p>Er versucht darin zu erkl\u00e4ren, wie es dazu kam, dass er als anerkannter F\u00fchrer, der Besucher, die haupts\u00e4chlich aus Israel kommen, durch die nationalsozialistischen Vernichtungslager in Polen f\u00fchrt, irgendwann am Ende der ganzen Handlung im Lager Treblinka einen deutschen Dokumentarfilmer mit einem Faustschlag niederstreckt.<\/p>\n<p>&nbsp;<\/p>\n<p>Yishai Sarid hat in seiner Hauptfigur einen Menschen beschrieben, der vielleicht \u00fcberzeichnet, aber nicht weniger realistisch zeigt, wie Grausamkeiten Menschen auch dann in ihren Bann ziehen, wenn sie l\u00e4ngst vergangen sind und der Erinnerung angeh\u00f6ren.<\/p>\n<p>&nbsp;<\/p>\n<p>\u201eMonster\u201c, damit sind die Monster der Vergangenheit gemeint, die bis in die aktuelle Gegenwart hineinreichen und ihr Werk treiben, hat er sein Buch genannt. So beschreibt er seinem kleinen Kind, das ihn fragt, warum er immer solange in Polen unterwegs ist, was er dort tut: gegen die Monster k\u00e4mpfen.<\/p>\n<p>&nbsp;<\/p>\n<p>Der Erz\u00e4hler, der in seiner Dissertation die Techniken der unterschiedlichen Konzentrations-und Vernichtungslager beschrieben hat und zum Fachmann in diesen Fragen geworden ist, beschreibt nicht nur die spezielle israelische Erinnerungskultur kritisch, in der Schulklassen aus dem ganzen Land nach Polen reisen und dort auf eine fast einstudierte Weise trauern. Er r\u00fchrt aber auch an ein Tabu, indem er beschreibt, wie die jungen Leute seltsam fasziniert sind von der Systematik der deutschen Lager und ihren Hass eher auf die Polen richten als auf die Deutschen. An mehreren Stellen berichtet er davon, wie die jungen Israels unter sich raunen, dass sie gerne genauso mit den Arabern zu Hause umgehen w\u00fcrden.<\/p>\n<p>&nbsp;<\/p>\n<p>Sarid formuliert mutig Fragen, die in Israel nur hinter vorgehaltener Hand gestellt werden:\u00a0 was ist die Verbindung zwischen den vernichteten Juden damals und den Israelis heute?\u00a0 Wo verl\u00e4uft die Grenze zwischen einer aufrichtigen Erinnerungskultur, die er nicht in Frage stellt und der Vereinnahmung des Gedenkens f\u00fcr die eigenen pers\u00f6nlichen bzw. politischen Zwecke, die er sehr wohl kritisiert?<\/p>\n<p>&nbsp;<\/p>\n<p>Sarids Buch handelt von Moral und von Opferrollen. In seiner Direktheit und Offenheit zielt er auch beim deutschsprachigen Leser mitten ins Herz und hat sicher in Israel selbst f\u00fcr etliche Debatten gesorgt.<\/p>\n<p>&nbsp;<\/p>\n<p>Es ist ein ehrlicher, starker Roman, der unter die Haut geht und mich jedenfalls sehr nachdenklich gemacht hat.<\/p>\n<p>&nbsp;<\/p>\n<p>&nbsp;<\/p>\n<p>&nbsp;<\/p>\n<p>&nbsp;<\/p>\n","protected":false},"excerpt":{"rendered":"<p>&nbsp; &nbsp; &nbsp; &nbsp; &nbsp; &nbsp; Yishai Sarid, Monster, Kein &amp; Aber 2019, ISBN 978-3-0369-5796-8 &nbsp; Der Ich-Erz\u00e4hler des neuen bei Kein &amp; Aber erschienenen und von Ruth Achlama aus dem Hebr\u00e4ischen ins Deutsche \u00fcbersetzten Romans von Yishai Sarid schreibt einen langen Brief an seinen Chef, den Leiter der Ged\u00e4chtnisst\u00e4tte Yad Vaschem in Israel. &nbsp; &hellip; <a href=\"https:\/\/blog.liesdoch.de\/?p=7730\" class=\"more-link\"><span class=\"screen-reader-text\">Monster<\/span> weiterlesen <span class=\"meta-nav\">&rarr;<\/span><\/a><\/p>\n","protected":false},"author":6,"featured_media":0,"comment_status":"closed","ping_status":"open","sticky":false,"template":"","format":"standard","meta":{"footnotes":""},"categories":[1],"tags":[],"class_list":["post-7730","post","type-post","status-publish","format-standard","hentry","category-allgemein"],"_links":{"self":[{"href":"https:\/\/blog.liesdoch.de\/index.php?rest_route=\/wp\/v2\/posts\/7730","targetHints":{"allow":["GET"]}}],"collection":[{"href":"https:\/\/blog.liesdoch.de\/index.php?rest_route=\/wp\/v2\/posts"}],"about":[{"href":"https:\/\/blog.liesdoch.de\/index.php?rest_route=\/wp\/v2\/types\/post"}],"author":[{"embeddable":true,"href":"https:\/\/blog.liesdoch.de\/index.php?rest_route=\/wp\/v2\/users\/6"}],"replies":[{"embeddable":true,"href":"https:\/\/blog.liesdoch.de\/index.php?rest_route=%2Fwp%2Fv2%2Fcomments&post=7730"}],"version-history":[{"count":1,"href":"https:\/\/blog.liesdoch.de\/index.php?rest_route=\/wp\/v2\/posts\/7730\/revisions"}],"predecessor-version":[{"id":7733,"href":"https:\/\/blog.liesdoch.de\/index.php?rest_route=\/wp\/v2\/posts\/7730\/revisions\/7733"}],"wp:attachment":[{"href":"https:\/\/blog.liesdoch.de\/index.php?rest_route=%2Fwp%2Fv2%2Fmedia&parent=7730"}],"wp:term":[{"taxonomy":"category","embeddable":true,"href":"https:\/\/blog.liesdoch.de\/index.php?rest_route=%2Fwp%2Fv2%2Fcategories&post=7730"},{"taxonomy":"post_tag","embeddable":true,"href":"https:\/\/blog.liesdoch.de\/index.php?rest_route=%2Fwp%2Fv2%2Ftags&post=7730"}],"curies":[{"name":"wp","href":"https:\/\/api.w.org\/{rel}","templated":true}]}}