{"id":7758,"date":"2019-06-05T11:53:01","date_gmt":"2019-06-05T09:53:01","guid":{"rendered":"http:\/\/blog.liesdoch.de\/?p=7758"},"modified":"2019-06-05T11:53:01","modified_gmt":"2019-06-05T09:53:01","slug":"sechs-kleine-voegelchen","status":"publish","type":"post","link":"https:\/\/blog.liesdoch.de\/?p=7758","title":{"rendered":"Sechs kleine V\u00f6gelchen"},"content":{"rendered":"<p>&nbsp;<\/p>\n<p><a href=\"http:\/\/blog.liesdoch.de\/wp-content\/uploads\/2019\/06\/54698749n.jpg\"><img loading=\"lazy\" decoding=\"async\" class=\"alignnone size-medium wp-image-7759\" src=\"http:\/\/blog.liesdoch.de\/wp-content\/uploads\/2019\/06\/54698749n-164x300.jpg\" alt=\"\" width=\"164\" height=\"300\" srcset=\"https:\/\/blog.liesdoch.de\/wp-content\/uploads\/2019\/06\/54698749n-164x300.jpg 164w, https:\/\/blog.liesdoch.de\/wp-content\/uploads\/2019\/06\/54698749n.jpg 219w\" sizes=\"auto, (max-width: 164px) 100vw, 164px\" \/><\/a><\/p>\n<p>Olivia Cosneau, Bernhard Duisit, Sechs kleine V\u00f6gelchen, Kleine Gestalten 2019, ISBN 978-3-89955-827-2<\/p>\n<p>&nbsp;<\/p>\n<p>Der Kinderbuchverlag Kleine Gestalten aus Berlin \u00fcberrascht seit einigen Jahren immer wieder mit sch\u00f6nen, k\u00fcnstlerisch wertvollen und originellen Bilderb\u00fccher. Das vorliegende zauberhafte und sch\u00f6ne Pop-Up-Buch erz\u00e4hlt in ungew\u00f6hnlichem Format mit einfachen von Cyra Pfennings ins Deutsche \u00fcbertragenen Reimen die Geschichte von sechs kleinen V\u00f6gelchen.<\/p>\n<p>&nbsp;<\/p>\n<p>Sechs kleine Spechtmeisen sind es, die von ihren Eltern in ihrem Nest fl\u00fcgge gef\u00fcttert wurden. Doch was machen sie, wenn es soweit ist, den ersten Flug zu unternehmen?<\/p>\n<p>&nbsp;<\/p>\n<p>Eine der kleinen Spechtmeisen macht sich gleich \u00fcber eine Sonnblumen her, so hungrig ist sie. Eine andere hat sich weit vorgesagt und wird von einem Habicht bedroht, vor dem sie gl\u00fccklich fliehen kann. Auch die anderen vier werden von Olivia Cosneau durch das Jahr begleitet, insbesondere die letzte der sechs, die sie im n\u00e4chsten Fr\u00fchling bei eine Turtelei beobachtet und die Geschichte damit wieder an ihren Anfang f\u00fchrt<\/p>\n<p>Einfache Reime und bunte Illustrationen machen \u201eSechs kleine V\u00f6gelchen\u201c zu einem wunderbaren Pop-Up f\u00fcr kleine Kinder. Dabei lernen sie nicht nur das Z\u00e4hlen, sondern auch etwas \u00fcber die Jahreszeiten, die Natur und den Lauf des Lebens.<\/p>\n<p>&nbsp;<\/p>\n<p>Bernard Duisit hat die Pop-Up &#8211; Modelle kunstvoll und anspruchsvoll aufgebaut.<\/p>\n","protected":false},"excerpt":{"rendered":"<p>&nbsp; Olivia Cosneau, Bernhard Duisit, Sechs kleine V\u00f6gelchen, Kleine Gestalten 2019, ISBN 978-3-89955-827-2 &nbsp; Der Kinderbuchverlag Kleine Gestalten aus Berlin \u00fcberrascht seit einigen Jahren immer wieder mit sch\u00f6nen, k\u00fcnstlerisch wertvollen und originellen Bilderb\u00fccher. Das vorliegende zauberhafte und sch\u00f6ne Pop-Up-Buch erz\u00e4hlt in ungew\u00f6hnlichem Format mit einfachen von Cyra Pfennings ins Deutsche \u00fcbertragenen Reimen die Geschichte von &hellip; <a href=\"https:\/\/blog.liesdoch.de\/?p=7758\" class=\"more-link\"><span class=\"screen-reader-text\">Sechs kleine V\u00f6gelchen<\/span> weiterlesen <span class=\"meta-nav\">&rarr;<\/span><\/a><\/p>\n","protected":false},"author":6,"featured_media":0,"comment_status":"closed","ping_status":"open","sticky":false,"template":"","format":"standard","meta":{"footnotes":""},"categories":[1],"tags":[],"class_list":["post-7758","post","type-post","status-publish","format-standard","hentry","category-allgemein"],"_links":{"self":[{"href":"https:\/\/blog.liesdoch.de\/index.php?rest_route=\/wp\/v2\/posts\/7758","targetHints":{"allow":["GET"]}}],"collection":[{"href":"https:\/\/blog.liesdoch.de\/index.php?rest_route=\/wp\/v2\/posts"}],"about":[{"href":"https:\/\/blog.liesdoch.de\/index.php?rest_route=\/wp\/v2\/types\/post"}],"author":[{"embeddable":true,"href":"https:\/\/blog.liesdoch.de\/index.php?rest_route=\/wp\/v2\/users\/6"}],"replies":[{"embeddable":true,"href":"https:\/\/blog.liesdoch.de\/index.php?rest_route=%2Fwp%2Fv2%2Fcomments&post=7758"}],"version-history":[{"count":1,"href":"https:\/\/blog.liesdoch.de\/index.php?rest_route=\/wp\/v2\/posts\/7758\/revisions"}],"predecessor-version":[{"id":7760,"href":"https:\/\/blog.liesdoch.de\/index.php?rest_route=\/wp\/v2\/posts\/7758\/revisions\/7760"}],"wp:attachment":[{"href":"https:\/\/blog.liesdoch.de\/index.php?rest_route=%2Fwp%2Fv2%2Fmedia&parent=7758"}],"wp:term":[{"taxonomy":"category","embeddable":true,"href":"https:\/\/blog.liesdoch.de\/index.php?rest_route=%2Fwp%2Fv2%2Fcategories&post=7758"},{"taxonomy":"post_tag","embeddable":true,"href":"https:\/\/blog.liesdoch.de\/index.php?rest_route=%2Fwp%2Fv2%2Ftags&post=7758"}],"curies":[{"name":"wp","href":"https:\/\/api.w.org\/{rel}","templated":true}]}}