{"id":7773,"date":"2019-06-05T14:23:55","date_gmt":"2019-06-05T12:23:55","guid":{"rendered":"http:\/\/blog.liesdoch.de\/?p=7773"},"modified":"2019-06-05T14:23:55","modified_gmt":"2019-06-05T12:23:55","slug":"sag-was","status":"publish","type":"post","link":"https:\/\/blog.liesdoch.de\/?p=7773","title":{"rendered":"Sag was"},"content":{"rendered":"<p>&nbsp;<\/p>\n<p>&nbsp;<\/p>\n<p>&nbsp;<\/p>\n<p><a href=\"http:\/\/blog.liesdoch.de\/wp-content\/uploads\/2019\/06\/54177014n.jpg\"><img loading=\"lazy\" decoding=\"async\" class=\"alignnone size-medium wp-image-7774\" src=\"http:\/\/blog.liesdoch.de\/wp-content\/uploads\/2019\/06\/54177014n-206x300.jpg\" alt=\"\" width=\"206\" height=\"300\" srcset=\"https:\/\/blog.liesdoch.de\/wp-content\/uploads\/2019\/06\/54177014n-206x300.jpg 206w, https:\/\/blog.liesdoch.de\/wp-content\/uploads\/2019\/06\/54177014n.jpg 242w\" sizes=\"auto, (max-width: 206px) 100vw, 206px\" \/><\/a><\/p>\n<p>Philipp Stefan, Sag was, Oetinger 2019, ISBN 978-3-8415-0606-1<\/p>\n<p>Das vorliegende kleine Taschenbuch versteht sich als eine Handreichung an junge Menschen, die sich politisch interessieren und sich einmischen wollen. Auch in ihrem Umfeld geraten sie immer wieder an andere Menschen, die mit populistischen Aussagen versuchen, die Meinungen zu bestimmen und zu steuern.<\/p>\n<p>&nbsp;<\/p>\n<p>Wie man radikal h\u00f6flich gegen diese Rechtspopulisten argumentieren kann, zeigt Philipp Stefan in seinem Buch. Nach einer l\u00e4ngeren instruktiven Einf\u00fchrung \u00fcber die Notwendigkeit des Widerspruchs gegen\u00fcber zunehmendem Rechtspopulismus gibt er f\u00fcnf radikal h\u00f6fliche Gespr\u00e4chstipps:<\/p>\n<ul>\n<li>Bleibe cool!<\/li>\n<li>Stelle offene Fragen!<\/li>\n<li>H\u00f6re zu!<\/li>\n<li>Formuliere Kritik h\u00f6flich!<\/li>\n<li>Agiere selbst!<\/li>\n<\/ul>\n<p>In neun sich anschlie\u00dfenden Beispielen, die den zweiten Teil des Buches ausmachen, wird gezeigt, wie man rechtspopulistische \u00a0Argumentationsmuster entsch\u00e4rfen kann. Immer wieder geht es hier darum, Vorw\u00fcrfe zu widerlegen und eigene Perspektiven einzubringen.<\/p>\n<p>&nbsp;<\/p>\n<p>Ob damit jeweils der Gespr\u00e4chspartner \u00fcberzeugt werden kann, wird immer offen bleiben, und h\u00e4ngt auch von der spezifischen Gespr\u00e4chssituation ab. Wichtig ist jedoch, gegen\u00fcber rechtspopulistischen Aussagen, denen man begegnet, nicht mehr resignativ oder teilnahmslos zu schweigen, sondern seine eigene Perspektive einzubringen.<\/p>\n<p>&nbsp;<\/p>\n<p>Das bringt vielleicht den anderen zum Nachdenken, auf jeden Fall aber sch\u00e4rft es das eigene politischen Bewusstsein und die eigene Kritikf\u00e4higkeit.<\/p>\n<p>&nbsp;<\/p>\n<p>Ein wichtiges Buch.<\/p>\n","protected":false},"excerpt":{"rendered":"<p>&nbsp; &nbsp; &nbsp; Philipp Stefan, Sag was, Oetinger 2019, ISBN 978-3-8415-0606-1 Das vorliegende kleine Taschenbuch versteht sich als eine Handreichung an junge Menschen, die sich politisch interessieren und sich einmischen wollen. Auch in ihrem Umfeld geraten sie immer wieder an andere Menschen, die mit populistischen Aussagen versuchen, die Meinungen zu bestimmen und zu steuern. &nbsp; &hellip; <a href=\"https:\/\/blog.liesdoch.de\/?p=7773\" class=\"more-link\"><span class=\"screen-reader-text\">Sag was<\/span> weiterlesen <span class=\"meta-nav\">&rarr;<\/span><\/a><\/p>\n","protected":false},"author":6,"featured_media":0,"comment_status":"closed","ping_status":"open","sticky":false,"template":"","format":"standard","meta":{"footnotes":""},"categories":[1],"tags":[],"class_list":["post-7773","post","type-post","status-publish","format-standard","hentry","category-allgemein"],"_links":{"self":[{"href":"https:\/\/blog.liesdoch.de\/index.php?rest_route=\/wp\/v2\/posts\/7773","targetHints":{"allow":["GET"]}}],"collection":[{"href":"https:\/\/blog.liesdoch.de\/index.php?rest_route=\/wp\/v2\/posts"}],"about":[{"href":"https:\/\/blog.liesdoch.de\/index.php?rest_route=\/wp\/v2\/types\/post"}],"author":[{"embeddable":true,"href":"https:\/\/blog.liesdoch.de\/index.php?rest_route=\/wp\/v2\/users\/6"}],"replies":[{"embeddable":true,"href":"https:\/\/blog.liesdoch.de\/index.php?rest_route=%2Fwp%2Fv2%2Fcomments&post=7773"}],"version-history":[{"count":1,"href":"https:\/\/blog.liesdoch.de\/index.php?rest_route=\/wp\/v2\/posts\/7773\/revisions"}],"predecessor-version":[{"id":7775,"href":"https:\/\/blog.liesdoch.de\/index.php?rest_route=\/wp\/v2\/posts\/7773\/revisions\/7775"}],"wp:attachment":[{"href":"https:\/\/blog.liesdoch.de\/index.php?rest_route=%2Fwp%2Fv2%2Fmedia&parent=7773"}],"wp:term":[{"taxonomy":"category","embeddable":true,"href":"https:\/\/blog.liesdoch.de\/index.php?rest_route=%2Fwp%2Fv2%2Fcategories&post=7773"},{"taxonomy":"post_tag","embeddable":true,"href":"https:\/\/blog.liesdoch.de\/index.php?rest_route=%2Fwp%2Fv2%2Ftags&post=7773"}],"curies":[{"name":"wp","href":"https:\/\/api.w.org\/{rel}","templated":true}]}}