{"id":7800,"date":"2019-06-18T10:29:11","date_gmt":"2019-06-18T08:29:11","guid":{"rendered":"http:\/\/blog.liesdoch.de\/?p=7800"},"modified":"2019-06-18T10:29:11","modified_gmt":"2019-06-18T08:29:11","slug":"40-supertrails-in-den-alpen-epische-pfade-fuer-mountainbiker","status":"publish","type":"post","link":"https:\/\/blog.liesdoch.de\/?p=7800","title":{"rendered":"40 Supertrails in den Alpen. Epische Pfade f\u00fcr Mountainbiker"},"content":{"rendered":"<p>&nbsp;<\/p>\n<p>&nbsp;<\/p>\n<p><a href=\"http:\/\/blog.liesdoch.de\/wp-content\/uploads\/2019\/06\/54728026n.jpg\"><img loading=\"lazy\" decoding=\"async\" class=\"alignnone size-full wp-image-7801\" src=\"http:\/\/blog.liesdoch.de\/wp-content\/uploads\/2019\/06\/54728026n.jpg\" alt=\"\" width=\"242\" height=\"279\" \/><\/a><\/p>\n<p>Gitta Beimfohr, Markus Greber, 40 Supertrails in den Alpen. Epische Pfade f\u00fcr Mountainbiker, Delius Klasing 2019, ISBN 978-3-667-11468-6<\/p>\n<p>&nbsp;<\/p>\n<p>W\u00e4hrend drei langen Sommern waren die Journalistin Gitta Beimfohr und ihr Fotograf Markus Greber mit ihren Mountainbikes in den Alpen unterwegs, haben unz\u00e4hlige Naturtrail-Abfahrten zwischen den Dolomiten und den Seealpen bei Nizza getestet und dann die 40 landschaftlich sch\u00f6nsten und fahrtechnisch aufregendsten Abfahrten f\u00fcr das vorliegende Buch ausgesucht. Beraten wurden sie dabei von prominenten\u00a0 Fahrern der europ\u00e4ischen Enduro &#8211; Elite.<\/p>\n<p>&nbsp;<\/p>\n<p>F\u00fcr erfahrene Mountainbiker, aber auch f\u00fcr Durchschnittsfahrer ist in diesem Buch etwas dabei. Es enth\u00e4lt auf insgesamt 160 Seiten mit unz\u00e4hligen traumhaften Fotografien:<\/p>\n<ul>\n<li>Kulttrails f\u00fcr Mountainbiker in \u00d6sterreich, Frankreich, Italien und der Schweiz<br \/>\n\u2022 Mit einer Einstufung zu Kondition, Fahrtechnik, Landschaft und EMTB-Tauglichkeit<br \/>\n\u2022 H\u00f6henprofile, 3D-Karten und GPS-Daten erleichtern die Planung der MTB-Tour<br \/>\n\u2022 Infos zur Anreise, \u00dcbernachtung und Tipps zum Einkehren<\/li>\n<\/ul>\n<p>&nbsp;<\/p>\n<p>F\u00fcr alle passionierten Mountain-Biker sind diese Kulttrails eine echte Versuchung. Auch f\u00fcr die erfahrenen unter ihnen bietet dieses Buch mit Sicherheit neue Strecken, die sie noch nicht kennen und die die Anschaffung des Buches rechtfertigen.<\/p>\n<p><strong>\u00a0<\/strong><\/p>\n<p><strong>\u00a0<\/strong><\/p>\n<p>&nbsp;<\/p>\n","protected":false},"excerpt":{"rendered":"<p>&nbsp; &nbsp; Gitta Beimfohr, Markus Greber, 40 Supertrails in den Alpen. Epische Pfade f\u00fcr Mountainbiker, Delius Klasing 2019, ISBN 978-3-667-11468-6 &nbsp; W\u00e4hrend drei langen Sommern waren die Journalistin Gitta Beimfohr und ihr Fotograf Markus Greber mit ihren Mountainbikes in den Alpen unterwegs, haben unz\u00e4hlige Naturtrail-Abfahrten zwischen den Dolomiten und den Seealpen bei Nizza getestet und &hellip; <a href=\"https:\/\/blog.liesdoch.de\/?p=7800\" class=\"more-link\"><span class=\"screen-reader-text\">40 Supertrails in den Alpen. Epische Pfade f\u00fcr Mountainbiker<\/span> weiterlesen <span class=\"meta-nav\">&rarr;<\/span><\/a><\/p>\n","protected":false},"author":6,"featured_media":0,"comment_status":"closed","ping_status":"open","sticky":false,"template":"","format":"standard","meta":{"footnotes":""},"categories":[1],"tags":[],"class_list":["post-7800","post","type-post","status-publish","format-standard","hentry","category-allgemein"],"_links":{"self":[{"href":"https:\/\/blog.liesdoch.de\/index.php?rest_route=\/wp\/v2\/posts\/7800","targetHints":{"allow":["GET"]}}],"collection":[{"href":"https:\/\/blog.liesdoch.de\/index.php?rest_route=\/wp\/v2\/posts"}],"about":[{"href":"https:\/\/blog.liesdoch.de\/index.php?rest_route=\/wp\/v2\/types\/post"}],"author":[{"embeddable":true,"href":"https:\/\/blog.liesdoch.de\/index.php?rest_route=\/wp\/v2\/users\/6"}],"replies":[{"embeddable":true,"href":"https:\/\/blog.liesdoch.de\/index.php?rest_route=%2Fwp%2Fv2%2Fcomments&post=7800"}],"version-history":[{"count":1,"href":"https:\/\/blog.liesdoch.de\/index.php?rest_route=\/wp\/v2\/posts\/7800\/revisions"}],"predecessor-version":[{"id":7802,"href":"https:\/\/blog.liesdoch.de\/index.php?rest_route=\/wp\/v2\/posts\/7800\/revisions\/7802"}],"wp:attachment":[{"href":"https:\/\/blog.liesdoch.de\/index.php?rest_route=%2Fwp%2Fv2%2Fmedia&parent=7800"}],"wp:term":[{"taxonomy":"category","embeddable":true,"href":"https:\/\/blog.liesdoch.de\/index.php?rest_route=%2Fwp%2Fv2%2Fcategories&post=7800"},{"taxonomy":"post_tag","embeddable":true,"href":"https:\/\/blog.liesdoch.de\/index.php?rest_route=%2Fwp%2Fv2%2Ftags&post=7800"}],"curies":[{"name":"wp","href":"https:\/\/api.w.org\/{rel}","templated":true}]}}