{"id":782,"date":"2015-11-11T09:35:12","date_gmt":"2015-11-11T07:35:12","guid":{"rendered":"http:\/\/blog.liesdoch.de\/?p=782"},"modified":"2015-11-11T09:35:12","modified_gmt":"2015-11-11T07:35:12","slug":"gefuehlige-zeiten","status":"publish","type":"post","link":"https:\/\/blog.liesdoch.de\/?p=782","title":{"rendered":"Gef\u00fchlige Zeiten"},"content":{"rendered":"<p>&nbsp;<\/p>\n<p>&nbsp;<\/p>\n<p><a href=\"http:\/\/blog.liesdoch.de\/wp-content\/uploads\/2015\/11\/42750293z.jpg\"><img loading=\"lazy\" decoding=\"async\" class=\"alignnone size-medium wp-image-783\" src=\"http:\/\/blog.liesdoch.de\/wp-content\/uploads\/2015\/11\/42750293z-192x300.jpg\" alt=\"42750293z\" width=\"192\" height=\"300\" srcset=\"https:\/\/blog.liesdoch.de\/wp-content\/uploads\/2015\/11\/42750293z-192x300.jpg 192w, https:\/\/blog.liesdoch.de\/wp-content\/uploads\/2015\/11\/42750293z.jpg 305w\" sizes=\"auto, (max-width: 192px) 100vw, 192px\" \/><\/a><\/p>\n<p>Christian Sehrendt, Gef\u00fchlige Zeiten, Dumont 2015, ISBN 978-3-8321-9790-2<\/p>\n<p>&nbsp;<\/p>\n<p>&nbsp;<\/p>\n<p>Hauptsache man ist authentisch. So beschreibt der Historiker und Kunsthistoriker Christian Sehrendt in seinem Buch \u201eGef\u00fchlige Zeiten\u201c die Stimmung im Lande. Nicht erst seit gestern, sondern seit einer geraumen Zeit schon. Er bem\u00fcht zur Unterstreichung seiner These, dass wir in Gesellschaft und Kultur in einer Zeit der Neo-Romantik leben, mit unz\u00e4hligen Texten aus der Popmusik, der Literatur und einer Vielzahl eigener kulturwissenschaftlichen Betrachtungen und Reflexionen.<\/p>\n<p>Er f\u00fchrt diese \u201ezwanghafte Sehnsucht nach dem Echten\u201c zur\u00fcck auf eine zunehmende Entfremdung angesichts der riesigen Komplexit\u00e4t unserer globalisierten Welt. Seine Sprache allerdings, die er benutzt, ist alles andere als romantisch. Sie nimmt den Leser mit auf spannende Reisen durch unser Land und seine Mainstreams.<\/p>\n<p>Was mir bei aller Freude und allem Erkenntniszuwachs bei der Lekt\u00fcre aber gefehlt hat, ist eine aus allen Einzelbeobachtungen schl\u00fcssig formulierte Beweisf\u00fchrung, warum er so viele \u00c4hnlichkeiten mit der klassischen Romantik sieht. Genauere Vergleiche etwa von Liedtexten, Bildern, Theaterst\u00fccke etc. h\u00e4tten da vielleicht weitergef\u00fchrt.<\/p>\n<p>Und so ist das Buch angenehme Unterhaltung, aber kein sozialwissenschaftlicher Wurf.<\/p>\n<p>&nbsp;<\/p>\n","protected":false},"excerpt":{"rendered":"<p>&nbsp; &nbsp; Christian Sehrendt, Gef\u00fchlige Zeiten, Dumont 2015, ISBN 978-3-8321-9790-2 &nbsp; &nbsp; Hauptsache man ist authentisch. So beschreibt der Historiker und Kunsthistoriker Christian Sehrendt in seinem Buch \u201eGef\u00fchlige Zeiten\u201c die Stimmung im Lande. Nicht erst seit gestern, sondern seit einer geraumen Zeit schon. Er bem\u00fcht zur Unterstreichung seiner These, dass wir in Gesellschaft und Kultur &hellip; <a href=\"https:\/\/blog.liesdoch.de\/?p=782\" class=\"more-link\"><span class=\"screen-reader-text\">Gef\u00fchlige Zeiten<\/span> weiterlesen <span class=\"meta-nav\">&rarr;<\/span><\/a><\/p>\n","protected":false},"author":6,"featured_media":0,"comment_status":"open","ping_status":"open","sticky":false,"template":"","format":"standard","meta":{"footnotes":""},"categories":[1],"tags":[],"class_list":["post-782","post","type-post","status-publish","format-standard","hentry","category-allgemein"],"_links":{"self":[{"href":"https:\/\/blog.liesdoch.de\/index.php?rest_route=\/wp\/v2\/posts\/782","targetHints":{"allow":["GET"]}}],"collection":[{"href":"https:\/\/blog.liesdoch.de\/index.php?rest_route=\/wp\/v2\/posts"}],"about":[{"href":"https:\/\/blog.liesdoch.de\/index.php?rest_route=\/wp\/v2\/types\/post"}],"author":[{"embeddable":true,"href":"https:\/\/blog.liesdoch.de\/index.php?rest_route=\/wp\/v2\/users\/6"}],"replies":[{"embeddable":true,"href":"https:\/\/blog.liesdoch.de\/index.php?rest_route=%2Fwp%2Fv2%2Fcomments&post=782"}],"version-history":[{"count":1,"href":"https:\/\/blog.liesdoch.de\/index.php?rest_route=\/wp\/v2\/posts\/782\/revisions"}],"predecessor-version":[{"id":784,"href":"https:\/\/blog.liesdoch.de\/index.php?rest_route=\/wp\/v2\/posts\/782\/revisions\/784"}],"wp:attachment":[{"href":"https:\/\/blog.liesdoch.de\/index.php?rest_route=%2Fwp%2Fv2%2Fmedia&parent=782"}],"wp:term":[{"taxonomy":"category","embeddable":true,"href":"https:\/\/blog.liesdoch.de\/index.php?rest_route=%2Fwp%2Fv2%2Fcategories&post=782"},{"taxonomy":"post_tag","embeddable":true,"href":"https:\/\/blog.liesdoch.de\/index.php?rest_route=%2Fwp%2Fv2%2Ftags&post=782"}],"curies":[{"name":"wp","href":"https:\/\/api.w.org\/{rel}","templated":true}]}}