{"id":7820,"date":"2019-06-24T16:52:20","date_gmt":"2019-06-24T14:52:20","guid":{"rendered":"http:\/\/blog.liesdoch.de\/?p=7820"},"modified":"2019-06-24T16:52:20","modified_gmt":"2019-06-24T14:52:20","slug":"walter-knoll-moebelmarke-der-moderne","status":"publish","type":"post","link":"https:\/\/blog.liesdoch.de\/?p=7820","title":{"rendered":"Walter Knoll. M\u00f6belmarke der Moderne"},"content":{"rendered":"<p>&nbsp;<\/p>\n<p>&nbsp;<\/p>\n<p><a href=\"http:\/\/blog.liesdoch.de\/wp-content\/uploads\/2019\/06\/54692319n.jpg\"><img loading=\"lazy\" decoding=\"async\" class=\"alignnone size-full wp-image-7821\" src=\"http:\/\/blog.liesdoch.de\/wp-content\/uploads\/2019\/06\/54692319n.jpg\" alt=\"\" width=\"242\" height=\"291\" \/><\/a><\/p>\n<p>Bernd Polster, Walter Knoll. M\u00f6belmarke der Moderne, teNeues 2019, ISBN 978-3-96171-098-0<\/p>\n<p>&nbsp;<\/p>\n<p>Den Kennern und Kulturhistorikern, den Innenarchitekten und den Freunden gehobenen Wohnens gilt der Name Walter Knoll als die klassische M\u00f6belmarke der Moderne. Eine Marke, die unter verschiedenen Eigent\u00fcmern nichts weniger als Klassiker und Ikonen der Avantgarde geschaffen hat. Diese M\u00f6belfirma ist eine der erfolgreichsten der letzten 150 Jahre, auch und gerade weil ihre M\u00f6belst\u00fccke sehr oft stilbildend wirkten und das Lebensgef\u00fchl der Menschen nachhaltig gepr\u00e4gt haben.<\/p>\n<p>&nbsp;<\/p>\n<p>Das vorliegende schwergewichtige und reich illustrierte Buch des bekannten Sachbuchautors Bernd Polster schafft es auf unterhaltsame und informative Weise, dass der Leser die Geschichte des Unternehmens von 1865 bis heute nachvollziehen und auf diese Weise auch ein wichtiges St\u00fcck Zeit- und Kulturgeschichte nachvollziehen kann.<\/p>\n<p>\u00dcber anderthalb Jahrhunderte wird die Entstehung dieser M\u00f6beldynastie geschildert und eine umfassende Designgeschichte der Marke in Beziehung zu wichtigen kulturhistorischen Entwicklungen dargestellt.<\/p>\n<p>&nbsp;<\/p>\n<p>Bernd Polster tut das in drei Abschnitten:<\/p>\n<p>&nbsp;<\/p>\n<ul>\n<li>Erste Moderne 1865 bis 1945<\/li>\n<li>Zweite Moderne 1945 bis 1993<\/li>\n<li>Dritte Moderne 1993 bis heute<\/li>\n<\/ul>\n<p>&nbsp;<\/p>\n<p>&nbsp;<\/p>\n<p>Das Buch ist f\u00fcr alle Menschen von Interesse, die sich f\u00fcr M\u00f6bel und Inneneinrichtungen aller Art begeistern k\u00f6nnen. Sie werden ihre Freude an den unz\u00e4hligen Bildern und Zeichnungen haben. Menschen, die \u00fcber M\u00f6bel hinaus ein kulturgeschichtliches Interesse an der Avantgarde der letzten 150 Jahre, insbesondere aber seit Ende des Zweiten Weltkrieges haben, finden in den hohen wissenschaftlichen Anspr\u00fcchen gen\u00fcgenden und dennoch spannenden Texten von Bernd Polster eine anregende und informative Lekt\u00fcre.<\/p>\n<p>&nbsp;<\/p>\n<p>Das Buch l\u00e4sst den Leser ein St\u00fcck Zeit-und Designgeschichte miterleben.<\/p>\n<p>&nbsp;<\/p>\n<p>&nbsp;<\/p>\n","protected":false},"excerpt":{"rendered":"<p>&nbsp; &nbsp; Bernd Polster, Walter Knoll. M\u00f6belmarke der Moderne, teNeues 2019, ISBN 978-3-96171-098-0 &nbsp; Den Kennern und Kulturhistorikern, den Innenarchitekten und den Freunden gehobenen Wohnens gilt der Name Walter Knoll als die klassische M\u00f6belmarke der Moderne. Eine Marke, die unter verschiedenen Eigent\u00fcmern nichts weniger als Klassiker und Ikonen der Avantgarde geschaffen hat. Diese M\u00f6belfirma ist &hellip; <a href=\"https:\/\/blog.liesdoch.de\/?p=7820\" class=\"more-link\"><span class=\"screen-reader-text\">Walter Knoll. M\u00f6belmarke der Moderne<\/span> weiterlesen <span class=\"meta-nav\">&rarr;<\/span><\/a><\/p>\n","protected":false},"author":6,"featured_media":0,"comment_status":"closed","ping_status":"open","sticky":false,"template":"","format":"standard","meta":{"footnotes":""},"categories":[1],"tags":[],"class_list":["post-7820","post","type-post","status-publish","format-standard","hentry","category-allgemein"],"_links":{"self":[{"href":"https:\/\/blog.liesdoch.de\/index.php?rest_route=\/wp\/v2\/posts\/7820","targetHints":{"allow":["GET"]}}],"collection":[{"href":"https:\/\/blog.liesdoch.de\/index.php?rest_route=\/wp\/v2\/posts"}],"about":[{"href":"https:\/\/blog.liesdoch.de\/index.php?rest_route=\/wp\/v2\/types\/post"}],"author":[{"embeddable":true,"href":"https:\/\/blog.liesdoch.de\/index.php?rest_route=\/wp\/v2\/users\/6"}],"replies":[{"embeddable":true,"href":"https:\/\/blog.liesdoch.de\/index.php?rest_route=%2Fwp%2Fv2%2Fcomments&post=7820"}],"version-history":[{"count":1,"href":"https:\/\/blog.liesdoch.de\/index.php?rest_route=\/wp\/v2\/posts\/7820\/revisions"}],"predecessor-version":[{"id":7822,"href":"https:\/\/blog.liesdoch.de\/index.php?rest_route=\/wp\/v2\/posts\/7820\/revisions\/7822"}],"wp:attachment":[{"href":"https:\/\/blog.liesdoch.de\/index.php?rest_route=%2Fwp%2Fv2%2Fmedia&parent=7820"}],"wp:term":[{"taxonomy":"category","embeddable":true,"href":"https:\/\/blog.liesdoch.de\/index.php?rest_route=%2Fwp%2Fv2%2Fcategories&post=7820"},{"taxonomy":"post_tag","embeddable":true,"href":"https:\/\/blog.liesdoch.de\/index.php?rest_route=%2Fwp%2Fv2%2Ftags&post=7820"}],"curies":[{"name":"wp","href":"https:\/\/api.w.org\/{rel}","templated":true}]}}