{"id":7835,"date":"2019-06-25T15:13:11","date_gmt":"2019-06-25T13:13:11","guid":{"rendered":"http:\/\/blog.liesdoch.de\/?p=7835"},"modified":"2019-06-25T15:13:11","modified_gmt":"2019-06-25T13:13:11","slug":"angst-essen-freiheit-auf-warum-wir-unsere-grundrechte-schuetzen-muessen","status":"publish","type":"post","link":"https:\/\/blog.liesdoch.de\/?p=7835","title":{"rendered":"Angst essen Freiheit auf. Warum wir unsere Grundrechte sch\u00fctzen m\u00fcssen"},"content":{"rendered":"<p>&nbsp;<\/p>\n<p>&nbsp;<\/p>\n<p>&nbsp;<\/p>\n<p><a href=\"http:\/\/blog.liesdoch.de\/wp-content\/uploads\/2019\/06\/54425849n.jpg\"><img loading=\"lazy\" decoding=\"async\" class=\"alignnone size-medium wp-image-7836\" src=\"http:\/\/blog.liesdoch.de\/wp-content\/uploads\/2019\/06\/54425849n-189x300.jpg\" alt=\"\" width=\"189\" height=\"300\" srcset=\"https:\/\/blog.liesdoch.de\/wp-content\/uploads\/2019\/06\/54425849n-189x300.jpg 189w, https:\/\/blog.liesdoch.de\/wp-content\/uploads\/2019\/06\/54425849n.jpg 242w\" sizes=\"auto, (max-width: 189px) 100vw, 189px\" \/><\/a><\/p>\n<p>Sabine Leutheusser-Schnarrenberger, Angst essen Freiheit auf. Warum wir unsere Grundrechte sch\u00fctzen m\u00fcssen, wbg Theiss 2\u00df019, ISBN 978-3-8062-3891-4<\/p>\n<p>&nbsp;<\/p>\n<p>Der aufrechte Journalist Heribert Prantl hat sie einmal die \u201eJeanne d`Arc der B\u00fcrgerrechte\u201c genannt, die FDP-Politikerin Sabine Leutheusser-Schnarrenberger, die 23 Jahre lang Mitglied des Deutschen Bundestags war und in dieser Zeit von 1992 bis 1995 und dann noch einmal zwischen 2009 und 2013 als Bundesjustizministerin amtierte.<\/p>\n<p>&nbsp;<\/p>\n<p>Ihr ganzes politisches Leben lang war und ist ihr die Verteidigung der Grundrechte ein ganz gro\u00dfes Anliegen, denen sie sich als Liberale verpflichtet wei\u00df. Zum 70. Jahrestag des Grundgesetzes der Bundesrepublik Deutschland legt sie nun ein wichtiges Buch vor, in dem sie nicht nur erl\u00e4utert, wie und warum die im Grundgesetz verankerten Grundrechte das feste Fundament unserer Demokratie bilden, sondern auch, wie sie durch \u00c4ngste vor \u00e4u\u00dferen und inneren Bedrohungen immer wieder bedroht sind.<\/p>\n<p>&nbsp;<\/p>\n<p>Ob es um die immer weitere Versch\u00e4rfung des Asylrechts geht, den mangelnden Schutz personenbezogener Daten oder um die bedrohte freie Meinungs\u00e4u\u00dferung. Immer dort,\u00a0 wo Sicherheitsgef\u00e4hrdungen behauptet werden, gleich von welcher Seite, scheint der Zweck offensichtlich\u00a0 jedes Mittel zu heiligen. Und immer wichtiger wird: wo es um digitale Gesch\u00e4fte geht, droht die informationelle Selbstbestimmung zu verkommen.<\/p>\n<p>&nbsp;<\/p>\n<p>An folgenden Themenbereichen, die gegenw\u00e4rtig von Bedeutung sind und debattiert werden,\u00a0 zeigt sie \u00fcberzeugend, wo aktuell Grundrechte bedroht sind und in Frage gestellt werden:<\/p>\n<p>&nbsp;<\/p>\n<ul>\n<li>Schutz der Menschenw\u00fcrde<\/li>\n<li>Schutz der Privatsph\u00e4re<\/li>\n<li>Pers\u00f6nlichkeitsrecht<\/li>\n<li>Meinungs- und Pressefreiheit<\/li>\n<li>Religionsfreiheit<\/li>\n<li>Asylrecht<\/li>\n<\/ul>\n<p>&nbsp;<br \/>\nImmer wieder weist sie darauf hin, dass es auf jeden einzelnen B\u00fcrger ankommt, wenn es darum geht, unsere Grundrechte zu verteidigen:<\/p>\n<p>\u201eWir brauchen einen neuen Grundrechtsstolz der B\u00fcrgerinnen und B\u00fcrger. Wir brauchen Verfassungspatrioten anstelle von Nationalisten. Niemand kann und darf sich mehr herausreden. Jeder ist gefordert und jeder kann etwas einbringen. Machen wir uns klar, was wir verlieren, wenn die Grundrechte schleichend ausgeh\u00f6hlt werden. Wenn Angst die Freiheit isst.\u201c<\/p>\n<p>&nbsp;<\/p>\n<p>Das wichtige Buch ist ein\u00a0 leidenschaftliches Pl\u00e4doyer einer aufrechten Liberalen und Demokratin. Unser Land braucht mehr von ihnen.<\/p>\n<p>&nbsp;<\/p>\n<p>&nbsp;<\/p>\n<p>&nbsp;<\/p>\n<p>&nbsp;<\/p>\n","protected":false},"excerpt":{"rendered":"<p>&nbsp; &nbsp; &nbsp; Sabine Leutheusser-Schnarrenberger, Angst essen Freiheit auf. Warum wir unsere Grundrechte sch\u00fctzen m\u00fcssen, wbg Theiss 2\u00df019, ISBN 978-3-8062-3891-4 &nbsp; Der aufrechte Journalist Heribert Prantl hat sie einmal die \u201eJeanne d`Arc der B\u00fcrgerrechte\u201c genannt, die FDP-Politikerin Sabine Leutheusser-Schnarrenberger, die 23 Jahre lang Mitglied des Deutschen Bundestags war und in dieser Zeit von 1992 bis &hellip; <a href=\"https:\/\/blog.liesdoch.de\/?p=7835\" class=\"more-link\"><span class=\"screen-reader-text\">Angst essen Freiheit auf. Warum wir unsere Grundrechte sch\u00fctzen m\u00fcssen<\/span> weiterlesen <span class=\"meta-nav\">&rarr;<\/span><\/a><\/p>\n","protected":false},"author":6,"featured_media":0,"comment_status":"closed","ping_status":"open","sticky":false,"template":"","format":"standard","meta":{"footnotes":""},"categories":[1],"tags":[],"class_list":["post-7835","post","type-post","status-publish","format-standard","hentry","category-allgemein"],"_links":{"self":[{"href":"https:\/\/blog.liesdoch.de\/index.php?rest_route=\/wp\/v2\/posts\/7835","targetHints":{"allow":["GET"]}}],"collection":[{"href":"https:\/\/blog.liesdoch.de\/index.php?rest_route=\/wp\/v2\/posts"}],"about":[{"href":"https:\/\/blog.liesdoch.de\/index.php?rest_route=\/wp\/v2\/types\/post"}],"author":[{"embeddable":true,"href":"https:\/\/blog.liesdoch.de\/index.php?rest_route=\/wp\/v2\/users\/6"}],"replies":[{"embeddable":true,"href":"https:\/\/blog.liesdoch.de\/index.php?rest_route=%2Fwp%2Fv2%2Fcomments&post=7835"}],"version-history":[{"count":1,"href":"https:\/\/blog.liesdoch.de\/index.php?rest_route=\/wp\/v2\/posts\/7835\/revisions"}],"predecessor-version":[{"id":7837,"href":"https:\/\/blog.liesdoch.de\/index.php?rest_route=\/wp\/v2\/posts\/7835\/revisions\/7837"}],"wp:attachment":[{"href":"https:\/\/blog.liesdoch.de\/index.php?rest_route=%2Fwp%2Fv2%2Fmedia&parent=7835"}],"wp:term":[{"taxonomy":"category","embeddable":true,"href":"https:\/\/blog.liesdoch.de\/index.php?rest_route=%2Fwp%2Fv2%2Fcategories&post=7835"},{"taxonomy":"post_tag","embeddable":true,"href":"https:\/\/blog.liesdoch.de\/index.php?rest_route=%2Fwp%2Fv2%2Ftags&post=7835"}],"curies":[{"name":"wp","href":"https:\/\/api.w.org\/{rel}","templated":true}]}}