{"id":786,"date":"2015-11-11T09:48:47","date_gmt":"2015-11-11T07:48:47","guid":{"rendered":"http:\/\/blog.liesdoch.de\/?p=786"},"modified":"2015-11-11T09:48:47","modified_gmt":"2015-11-11T07:48:47","slug":"der-biber-hat-fieber","status":"publish","type":"post","link":"https:\/\/blog.liesdoch.de\/?p=786","title":{"rendered":"Der Biber hat Fieber"},"content":{"rendered":"<p>&nbsp;<\/p>\n<p>&nbsp;<\/p>\n<p>&nbsp;<\/p>\n<p><a href=\"http:\/\/blog.liesdoch.de\/wp-content\/uploads\/2015\/11\/42601357z.jpg\"><img loading=\"lazy\" decoding=\"async\" class=\"alignnone size-medium wp-image-787\" src=\"http:\/\/blog.liesdoch.de\/wp-content\/uploads\/2015\/11\/42601357z-251x300.jpg\" alt=\"42601357z\" width=\"251\" height=\"300\" srcset=\"https:\/\/blog.liesdoch.de\/wp-content\/uploads\/2015\/11\/42601357z-251x300.jpg 251w, https:\/\/blog.liesdoch.de\/wp-content\/uploads\/2015\/11\/42601357z.jpg 340w\" sizes=\"auto, (max-width: 251px) 100vw, 251px\" \/><\/a>Tanja Jacobs, Der Biber hat Fieber, Oetinger 2015, ISBN 978-3-7891-7880-1<\/p>\n<p>&nbsp;<\/p>\n<p>Kleine Kinder bekommen oft einmal Fieber. Das ist eine ganz normale Reaktion des K\u00f6rpers und in der Regel gar nicht schlimm. Dennoch brauchen die Kinder, die sich dann schlapp und m\u00fcde f\u00fchlen, Zuwendung und Trost.<\/p>\n<p>In dem hier vorliegenden kleinen Bilderbuch mit sch\u00f6nen Reimen von Tanja Jacobs und sympathischen Illustrationen von Susanne Weber wird das beispielhaft gezeigt. Nachdem er einen kr\u00e4ftigen Stamm bearbeitet hat klagt der Biber \u00fcber Fieber.<\/p>\n<p>Nacheinander k\u00fcmmern sich andere Tiere um ihn: das Frettchen schickt ihn ins Bettchen, die Schnecke gibt ihm eine Decke, der Igel hat ihm einen Tee gekocht und das Karnickel macht ihm kalte Wadenwickel. Und die ganze Truppe kocht ihm eine leckere Suppe.<\/p>\n<p>Durch die Hilfe und den Trost dieser ganzen Truppe geht es dem Biber bald schon wieder sehr viel besser und er bedankt sich bei ihnen.<\/p>\n<p>Dieses Bilderbuch ist sehr gut geeignet zum Vorlesen f\u00fcr kleine Kinder, die aus welchem Grund auch immer, einen Fieberschub haben. Denn mindestens genauso wichtig wie Wadenwickel und Medizin ist menschliche Zuwendung und Trost in einer Situation, in der man sich schlecht f\u00fchlt. Es ist ein sch\u00f6nes Trostbuch f\u00fcr die Kleinsten ab etwa 18 Monaten.<\/p>\n<p>&nbsp;<\/p>\n","protected":false},"excerpt":{"rendered":"<p>&nbsp; &nbsp; &nbsp; Tanja Jacobs, Der Biber hat Fieber, Oetinger 2015, ISBN 978-3-7891-7880-1 &nbsp; Kleine Kinder bekommen oft einmal Fieber. Das ist eine ganz normale Reaktion des K\u00f6rpers und in der Regel gar nicht schlimm. Dennoch brauchen die Kinder, die sich dann schlapp und m\u00fcde f\u00fchlen, Zuwendung und Trost. In dem hier vorliegenden kleinen Bilderbuch &hellip; <a href=\"https:\/\/blog.liesdoch.de\/?p=786\" class=\"more-link\"><span class=\"screen-reader-text\">Der Biber hat Fieber<\/span> weiterlesen <span class=\"meta-nav\">&rarr;<\/span><\/a><\/p>\n","protected":false},"author":6,"featured_media":0,"comment_status":"open","ping_status":"open","sticky":false,"template":"","format":"standard","meta":{"footnotes":""},"categories":[1],"tags":[193,33,275,227],"class_list":["post-786","post","type-post","status-publish","format-standard","hentry","category-allgemein","tag-ab-18-monate","tag-bilderbuch","tag-fieber","tag-trost"],"_links":{"self":[{"href":"https:\/\/blog.liesdoch.de\/index.php?rest_route=\/wp\/v2\/posts\/786","targetHints":{"allow":["GET"]}}],"collection":[{"href":"https:\/\/blog.liesdoch.de\/index.php?rest_route=\/wp\/v2\/posts"}],"about":[{"href":"https:\/\/blog.liesdoch.de\/index.php?rest_route=\/wp\/v2\/types\/post"}],"author":[{"embeddable":true,"href":"https:\/\/blog.liesdoch.de\/index.php?rest_route=\/wp\/v2\/users\/6"}],"replies":[{"embeddable":true,"href":"https:\/\/blog.liesdoch.de\/index.php?rest_route=%2Fwp%2Fv2%2Fcomments&post=786"}],"version-history":[{"count":1,"href":"https:\/\/blog.liesdoch.de\/index.php?rest_route=\/wp\/v2\/posts\/786\/revisions"}],"predecessor-version":[{"id":788,"href":"https:\/\/blog.liesdoch.de\/index.php?rest_route=\/wp\/v2\/posts\/786\/revisions\/788"}],"wp:attachment":[{"href":"https:\/\/blog.liesdoch.de\/index.php?rest_route=%2Fwp%2Fv2%2Fmedia&parent=786"}],"wp:term":[{"taxonomy":"category","embeddable":true,"href":"https:\/\/blog.liesdoch.de\/index.php?rest_route=%2Fwp%2Fv2%2Fcategories&post=786"},{"taxonomy":"post_tag","embeddable":true,"href":"https:\/\/blog.liesdoch.de\/index.php?rest_route=%2Fwp%2Fv2%2Ftags&post=786"}],"curies":[{"name":"wp","href":"https:\/\/api.w.org\/{rel}","templated":true}]}}