{"id":7883,"date":"2019-06-26T14:59:44","date_gmt":"2019-06-26T12:59:44","guid":{"rendered":"http:\/\/blog.liesdoch.de\/?p=7883"},"modified":"2019-06-26T14:59:44","modified_gmt":"2019-06-26T12:59:44","slug":"einmalig-die-skurrilsten-concept-cars-der-autowelt","status":"publish","type":"post","link":"https:\/\/blog.liesdoch.de\/?p=7883","title":{"rendered":"einmalig. Die skurrilsten concept cars der Autowelt"},"content":{"rendered":"<p>&nbsp;<\/p>\n<p>&nbsp;<\/p>\n<p>&nbsp;<\/p>\n<p>&nbsp;<\/p>\n<p><a href=\"http:\/\/blog.liesdoch.de\/wp-content\/uploads\/2019\/06\/54727387n.jpg\"><img loading=\"lazy\" decoding=\"async\" class=\"alignnone size-full wp-image-7884\" src=\"http:\/\/blog.liesdoch.de\/wp-content\/uploads\/2019\/06\/54727387n.jpg\" alt=\"\" width=\"242\" height=\"272\" \/><\/a><\/p>\n<p>J\u00fcrgen Pander, einmalig. Die skurrilsten concept cars der Autowelt, Delius Klasing 2019, ISBN 978-3-667-11563-8<\/p>\n<p>&nbsp;<\/p>\n<p>J\u00fcrgen Pander, Journalist bei Spiegel online hat sich f\u00fcr dieses ausgefallene Autobuch auf der Suche nach den \u201eskurrilsten\u201c concept cars der Autowelt in viele Archive begeben und hat unz\u00e4hlige Liebhaber mit ihren seltenen Sammlungen besucht.<\/p>\n<p>&nbsp;<\/p>\n<p>Concept Cars waren und sind seit jeher auf gro\u00dfen Automobilmessen und -ausstellungen die wahren Publikumsmagneten. Alle wollen sie sehen, denn sie sind nicht selten Wegweiser in\u00a0 die automobile Zukunft, ohne dass sie selbst eine h\u00e4tten und jemals in Serie gegangen w\u00e4ren. Meist verschwinden sie nach den Messen wieder dunklen Werksgaragen oder gar in der Schrottpresse.<\/p>\n<p>&nbsp;<\/p>\n<p>In vier Kapiteln hat J\u00fcrgen Pander jeweils chronologisch seine \u201eFunde\u201c eingeteilt und geordnet:<\/p>\n<ul>\n<li>Technologie wie noch nie \u2013 Autos mit innovativen Ideen<\/li>\n<li>Form folgt Faszination \u2013 Autos mit hinrei\u00dfendem Design<\/li>\n<li>Da w\u00e4re noch eine Kleinigkeit \u2013 Autos f\u00fcr Metropolen<\/li>\n<li>Die Zukunft ist ein Klassiker \u2013 Autos mit ber\u00fchmten Ahnen<\/li>\n<\/ul>\n<p>&nbsp;<\/p>\n<p>In einer Zeit, in der manche schon das Ende des automobilen Zeitalters im Namen des Klimas einl\u00e4uten wollen, scheint ein solches Buch antiquiert. Allen Kritikern von Hochleistungsautos aber sei gesagt, dass das Automobil der Zukunft, egal ob mit Strom oder Wasserstoff betrieben, auch erstmals als concept car entworfen werden muss.<\/p>\n<p>&nbsp;<\/p>\n<p>Es muss ja nicht immer ein SUV mit 200 PS oder viel mehr sein, aber viele Menschen, besonders in den l\u00e4ndlichen Regionen werden auch in Zukunft auf ein Auto angewiesen sein.\u00a0 Ein klimafreundliches Auto zu bauen und zu produzieren \u2013 es m\u00fcsste doch m\u00f6glich sein.<\/p>\n<p>&nbsp;<\/p>\n<p>Das vorliegende Buch atmet ganz die Begeisterung f\u00fcr au\u00dfergew\u00f6hnliche Autos mit ungew\u00f6hnlichem Design. Wo das Buch endet, mit dem Peugeot e-Legend wird irgendwann ein neues anfangen mit Prototypen energiefreundlicher Automobile.<\/p>\n","protected":false},"excerpt":{"rendered":"<p>&nbsp; &nbsp; &nbsp; &nbsp; J\u00fcrgen Pander, einmalig. Die skurrilsten concept cars der Autowelt, Delius Klasing 2019, ISBN 978-3-667-11563-8 &nbsp; J\u00fcrgen Pander, Journalist bei Spiegel online hat sich f\u00fcr dieses ausgefallene Autobuch auf der Suche nach den \u201eskurrilsten\u201c concept cars der Autowelt in viele Archive begeben und hat unz\u00e4hlige Liebhaber mit ihren seltenen Sammlungen besucht. &nbsp; &hellip; <a href=\"https:\/\/blog.liesdoch.de\/?p=7883\" class=\"more-link\"><span class=\"screen-reader-text\">einmalig. Die skurrilsten concept cars der Autowelt<\/span> weiterlesen <span class=\"meta-nav\">&rarr;<\/span><\/a><\/p>\n","protected":false},"author":6,"featured_media":0,"comment_status":"closed","ping_status":"open","sticky":false,"template":"","format":"standard","meta":{"footnotes":""},"categories":[1],"tags":[],"class_list":["post-7883","post","type-post","status-publish","format-standard","hentry","category-allgemein"],"_links":{"self":[{"href":"https:\/\/blog.liesdoch.de\/index.php?rest_route=\/wp\/v2\/posts\/7883","targetHints":{"allow":["GET"]}}],"collection":[{"href":"https:\/\/blog.liesdoch.de\/index.php?rest_route=\/wp\/v2\/posts"}],"about":[{"href":"https:\/\/blog.liesdoch.de\/index.php?rest_route=\/wp\/v2\/types\/post"}],"author":[{"embeddable":true,"href":"https:\/\/blog.liesdoch.de\/index.php?rest_route=\/wp\/v2\/users\/6"}],"replies":[{"embeddable":true,"href":"https:\/\/blog.liesdoch.de\/index.php?rest_route=%2Fwp%2Fv2%2Fcomments&post=7883"}],"version-history":[{"count":1,"href":"https:\/\/blog.liesdoch.de\/index.php?rest_route=\/wp\/v2\/posts\/7883\/revisions"}],"predecessor-version":[{"id":7885,"href":"https:\/\/blog.liesdoch.de\/index.php?rest_route=\/wp\/v2\/posts\/7883\/revisions\/7885"}],"wp:attachment":[{"href":"https:\/\/blog.liesdoch.de\/index.php?rest_route=%2Fwp%2Fv2%2Fmedia&parent=7883"}],"wp:term":[{"taxonomy":"category","embeddable":true,"href":"https:\/\/blog.liesdoch.de\/index.php?rest_route=%2Fwp%2Fv2%2Fcategories&post=7883"},{"taxonomy":"post_tag","embeddable":true,"href":"https:\/\/blog.liesdoch.de\/index.php?rest_route=%2Fwp%2Fv2%2Ftags&post=7883"}],"curies":[{"name":"wp","href":"https:\/\/api.w.org\/{rel}","templated":true}]}}