{"id":7914,"date":"2019-07-02T15:03:03","date_gmt":"2019-07-02T13:03:03","guid":{"rendered":"http:\/\/blog.liesdoch.de\/?p=7914"},"modified":"2019-07-02T15:03:03","modified_gmt":"2019-07-02T13:03:03","slug":"ein-narzisst-packt-aus-ehrlichkeit-gegenueber-dem-inneren-kind-und-gesellschaftliche-anerkennung","status":"publish","type":"post","link":"https:\/\/blog.liesdoch.de\/?p=7914","title":{"rendered":"Ein Narzisst packt aus. Ehrlichkeit gegen\u00fcber dem inneren Kind und gesellschaftliche Anerkennung"},"content":{"rendered":"<p>&nbsp;<\/p>\n<p>&nbsp;<\/p>\n<p>&nbsp;<\/p>\n<p><a href=\"http:\/\/blog.liesdoch.de\/wp-content\/uploads\/2019\/07\/49200651n.jpg\"><img loading=\"lazy\" decoding=\"async\" class=\"alignnone size-medium wp-image-7915\" src=\"http:\/\/blog.liesdoch.de\/wp-content\/uploads\/2019\/07\/49200651n-212x300.jpg\" alt=\"\" width=\"212\" height=\"300\" srcset=\"https:\/\/blog.liesdoch.de\/wp-content\/uploads\/2019\/07\/49200651n-212x300.jpg 212w, https:\/\/blog.liesdoch.de\/wp-content\/uploads\/2019\/07\/49200651n.jpg 242w\" sizes=\"auto, (max-width: 212px) 100vw, 212px\" \/><\/a><\/p>\n<p>Leonard Anders, Ein Narzisst packt aus. Ehrlichkeit gegen\u00fcber dem inneren Kind und gesellschaftliche Anerkennung, Tectum Verlag 2019, ISBN 978-8288-4043-0<\/p>\n<p>&nbsp;<\/p>\n<p>Das vorliegende Buch ist eine wie ich finde gelungene Mischung aus biografischen Notizen, eigenen Therapieerfahrungen, wissenschaftlichen Erl\u00e4uterungen und zahlreichen Interviews mit Experten (unter anderen Hans-Joachim Maaz). Dem seit seiner Jugend unter einer narzisstischen Pers\u00f6nlichkeitsst\u00f6rung leidende Leonard Anders gelingt es in einer wahren Flei\u00dfarbeit dem Leser und wohl auch vielen anderen von der St\u00f6rung betroffenen Menschen nicht nur einen \u00fcberzeugenden und grundlegenden Einblick in das Ph\u00e4nomen zu geben, sondern durch die Beschreibung seiner ganz pers\u00f6nlichen Erfahrungen und Erlebnisse vermittelt er dem nicht betroffenen, sondern nur am Thema interessierten Leser einen bewegenden und betroffen machenden Einblick in die Innenwelt eines unter narzisstischer Pers\u00f6nlichkeitsst\u00f6rung leiden Menschen.<\/p>\n<p>&nbsp;<\/p>\n<p>Einer der von Leonard Anders in dem Buch interviewten Fachleute, Dr. med. Bodo Karsten Unkelbach schreibt zu diesem Buch:<\/p>\n<p>\u201eDie in diesem Buch vorliegende Auseinandersetzung mit dem Krankheitsbild der narzisstischen Pers\u00f6nlichkeitsst\u00f6rung ist ein Aufruf an die Gesellschaft, sich kritisch zu hinterfragen. Es verdeutlicht, wie unendlich wertvoll ungeteilte Aufmerksamkeit, Respekt, Einf\u00fchlungsverm\u00f6gen, Wahr- und Ernstgenommenwerden, Ermutigung, Anerkennung und eine wertsch\u00e4tzenden Auseinandersetzung f\u00fcr Kinder sind.\u201c<\/p>\n<p>&nbsp;<\/p>\n<p>Deshalb ist das Buch nicht nur f\u00fcr betroffene Menschen und ihre Angeh\u00f6rigen zu empfehlen, sondern auch f\u00fcr alle, die in irgendeiner Weise an der Erziehung von Kindern beteiligt sind.<\/p>\n<p>&nbsp;<\/p>\n<p>&nbsp;<\/p>\n<p>&nbsp;<\/p>\n","protected":false},"excerpt":{"rendered":"<p>&nbsp; &nbsp; &nbsp; Leonard Anders, Ein Narzisst packt aus. Ehrlichkeit gegen\u00fcber dem inneren Kind und gesellschaftliche Anerkennung, Tectum Verlag 2019, ISBN 978-8288-4043-0 &nbsp; Das vorliegende Buch ist eine wie ich finde gelungene Mischung aus biografischen Notizen, eigenen Therapieerfahrungen, wissenschaftlichen Erl\u00e4uterungen und zahlreichen Interviews mit Experten (unter anderen Hans-Joachim Maaz). Dem seit seiner Jugend unter einer &hellip; <a href=\"https:\/\/blog.liesdoch.de\/?p=7914\" class=\"more-link\"><span class=\"screen-reader-text\">Ein Narzisst packt aus. Ehrlichkeit gegen\u00fcber dem inneren Kind und gesellschaftliche Anerkennung<\/span> weiterlesen <span class=\"meta-nav\">&rarr;<\/span><\/a><\/p>\n","protected":false},"author":6,"featured_media":0,"comment_status":"closed","ping_status":"open","sticky":false,"template":"","format":"standard","meta":{"footnotes":""},"categories":[1],"tags":[],"class_list":["post-7914","post","type-post","status-publish","format-standard","hentry","category-allgemein"],"_links":{"self":[{"href":"https:\/\/blog.liesdoch.de\/index.php?rest_route=\/wp\/v2\/posts\/7914","targetHints":{"allow":["GET"]}}],"collection":[{"href":"https:\/\/blog.liesdoch.de\/index.php?rest_route=\/wp\/v2\/posts"}],"about":[{"href":"https:\/\/blog.liesdoch.de\/index.php?rest_route=\/wp\/v2\/types\/post"}],"author":[{"embeddable":true,"href":"https:\/\/blog.liesdoch.de\/index.php?rest_route=\/wp\/v2\/users\/6"}],"replies":[{"embeddable":true,"href":"https:\/\/blog.liesdoch.de\/index.php?rest_route=%2Fwp%2Fv2%2Fcomments&post=7914"}],"version-history":[{"count":1,"href":"https:\/\/blog.liesdoch.de\/index.php?rest_route=\/wp\/v2\/posts\/7914\/revisions"}],"predecessor-version":[{"id":7916,"href":"https:\/\/blog.liesdoch.de\/index.php?rest_route=\/wp\/v2\/posts\/7914\/revisions\/7916"}],"wp:attachment":[{"href":"https:\/\/blog.liesdoch.de\/index.php?rest_route=%2Fwp%2Fv2%2Fmedia&parent=7914"}],"wp:term":[{"taxonomy":"category","embeddable":true,"href":"https:\/\/blog.liesdoch.de\/index.php?rest_route=%2Fwp%2Fv2%2Fcategories&post=7914"},{"taxonomy":"post_tag","embeddable":true,"href":"https:\/\/blog.liesdoch.de\/index.php?rest_route=%2Fwp%2Fv2%2Ftags&post=7914"}],"curies":[{"name":"wp","href":"https:\/\/api.w.org\/{rel}","templated":true}]}}