{"id":7942,"date":"2019-08-02T10:44:05","date_gmt":"2019-08-02T08:44:05","guid":{"rendered":"http:\/\/blog.liesdoch.de\/?p=7942"},"modified":"2019-08-02T10:44:05","modified_gmt":"2019-08-02T08:44:05","slug":"nicht-einmal-bedingt-abwehrbereit","status":"publish","type":"post","link":"https:\/\/blog.liesdoch.de\/?p=7942","title":{"rendered":"Nicht einmal bedingt abwehrbereit"},"content":{"rendered":"<p><a href=\"http:\/\/blog.liesdoch.de\/wp-content\/uploads\/2019\/08\/54751907n.jpg\"><img loading=\"lazy\" decoding=\"async\" class=\"alignnone size-medium wp-image-7943\" src=\"http:\/\/blog.liesdoch.de\/wp-content\/uploads\/2019\/08\/54751907n-203x300.jpg\" alt=\"\" width=\"203\" height=\"300\" srcset=\"https:\/\/blog.liesdoch.de\/wp-content\/uploads\/2019\/08\/54751907n-203x300.jpg 203w, https:\/\/blog.liesdoch.de\/wp-content\/uploads\/2019\/08\/54751907n.jpg 242w\" sizes=\"auto, (max-width: 203px) 100vw, 203px\" \/><\/a><\/p>\n<p>Josef Kraus, Richard Drexl, Nicht einmal bedingt abwehrbereit, Finanzbuchverlag 2019, ISBN 978-3-95972-180-6<\/p>\n<p>&nbsp;<\/p>\n<p>Die Bundeswehr pfeift aus dem letzten Loch, personell stark ausged\u00fcnnt, die Ger\u00e4tschaften verkommen. \u00a0Ausgehend von dem desastr\u00f6sen Status quo der Bundeswehr werfen Spiegel-Bestsellerautor Josef Kraus und Oberst a. D. Richard Drexl einen Blick auf ihre gut sechzigj\u00e4hrige Geschichte und legen dar, wie sie seit der Wiedervereinigung nahezu systematisch<br \/>\nkaputtgespart wurde.<\/p>\n<p>&nbsp;<\/p>\n<p>Doch die beiden Autoren geben nicht nur einen kritischen \u00dcberblick \u00fcber den Wandel der Funktion und vor allen Dingen des Zustandes der bundesdeutschen Armee seit ihrer Gr\u00fcndung 1956, sondern sie interessiert insbesondere, welche Rolle die Bundeswehr aktuell einnimmt zwischen den anderen europ\u00e4ischen Armeen und innerhalb der NATO. Welchen R\u00fcckhalt besitzt die deutsche Armee nach der Abschaffung der Wehrpflicht noch in der Bev\u00f6lkerung?<\/p>\n<p>Wie muss sie sich angesichts der neuen Bedrohungslagen des 21. Jahrhunderts neu aufstellen, dass sie sich ihren Aufgaben besser gewachsen zeigen kann?<\/p>\n<p>&nbsp;<\/p>\n<p>Der ehemalige Verteidigungsmister Rupert Scholz schreibt in seinem exklusiven Vorwort zu dem Buch der Politik und der Gesellschaft folgende Worte ins Stammbuch:<\/p>\n<p>\u201eEs bedarf eines grundlegenden Wandels in der deutschen Sicherheits- und Verteidigungspolitik. In die Bundeswehr muss buchst\u00e4blich und wieder massiv investiert werden. Der Beruf des Soldaten muss wieder mit der Achtung und der Anerkennung gepflegt und gew\u00fcrdigt werden, die unsere Soldaten wahrhaft verdienen.\u201c<\/p>\n<p>Das Buch, das man auch eine engagierte Streitschrift nennen kann, zeigt \u00fcberzeugend die n\u00f6tigen Reformschritte auf. Die Zeit in der Komfortzone sei zu Ende, sagen die Autoren und\u00a0 die Gesellschaft und die Politik m\u00fcssten erkennen, dass pazifistische Reflexe nicht weiter tragen werden.<\/p>\n<p>Ob die Entscheidungstr\u00e4ger (neue Verteidigungsministerin!) diese Forderungen auch nur im Ansatz umsetzen werden? Dem Rezensenten bleiben ernste Zweifel daran.<\/p>\n","protected":false},"excerpt":{"rendered":"<p>Josef Kraus, Richard Drexl, Nicht einmal bedingt abwehrbereit, Finanzbuchverlag 2019, ISBN 978-3-95972-180-6 &nbsp; Die Bundeswehr pfeift aus dem letzten Loch, personell stark ausged\u00fcnnt, die Ger\u00e4tschaften verkommen. \u00a0Ausgehend von dem desastr\u00f6sen Status quo der Bundeswehr werfen Spiegel-Bestsellerautor Josef Kraus und Oberst a. D. Richard Drexl einen Blick auf ihre gut sechzigj\u00e4hrige Geschichte und legen dar, wie &hellip; <a href=\"https:\/\/blog.liesdoch.de\/?p=7942\" class=\"more-link\"><span class=\"screen-reader-text\">Nicht einmal bedingt abwehrbereit<\/span> weiterlesen <span class=\"meta-nav\">&rarr;<\/span><\/a><\/p>\n","protected":false},"author":6,"featured_media":0,"comment_status":"closed","ping_status":"open","sticky":false,"template":"","format":"standard","meta":{"footnotes":""},"categories":[1],"tags":[],"class_list":["post-7942","post","type-post","status-publish","format-standard","hentry","category-allgemein"],"_links":{"self":[{"href":"https:\/\/blog.liesdoch.de\/index.php?rest_route=\/wp\/v2\/posts\/7942","targetHints":{"allow":["GET"]}}],"collection":[{"href":"https:\/\/blog.liesdoch.de\/index.php?rest_route=\/wp\/v2\/posts"}],"about":[{"href":"https:\/\/blog.liesdoch.de\/index.php?rest_route=\/wp\/v2\/types\/post"}],"author":[{"embeddable":true,"href":"https:\/\/blog.liesdoch.de\/index.php?rest_route=\/wp\/v2\/users\/6"}],"replies":[{"embeddable":true,"href":"https:\/\/blog.liesdoch.de\/index.php?rest_route=%2Fwp%2Fv2%2Fcomments&post=7942"}],"version-history":[{"count":1,"href":"https:\/\/blog.liesdoch.de\/index.php?rest_route=\/wp\/v2\/posts\/7942\/revisions"}],"predecessor-version":[{"id":7944,"href":"https:\/\/blog.liesdoch.de\/index.php?rest_route=\/wp\/v2\/posts\/7942\/revisions\/7944"}],"wp:attachment":[{"href":"https:\/\/blog.liesdoch.de\/index.php?rest_route=%2Fwp%2Fv2%2Fmedia&parent=7942"}],"wp:term":[{"taxonomy":"category","embeddable":true,"href":"https:\/\/blog.liesdoch.de\/index.php?rest_route=%2Fwp%2Fv2%2Fcategories&post=7942"},{"taxonomy":"post_tag","embeddable":true,"href":"https:\/\/blog.liesdoch.de\/index.php?rest_route=%2Fwp%2Fv2%2Ftags&post=7942"}],"curies":[{"name":"wp","href":"https:\/\/api.w.org\/{rel}","templated":true}]}}