{"id":7947,"date":"2019-08-06T09:02:44","date_gmt":"2019-08-06T07:02:44","guid":{"rendered":"http:\/\/blog.liesdoch.de\/?p=7947"},"modified":"2019-08-06T09:02:44","modified_gmt":"2019-08-06T07:02:44","slug":"sarah-opa-und-die-sanduhr","status":"publish","type":"post","link":"https:\/\/blog.liesdoch.de\/?p=7947","title":{"rendered":"Sarah, Opa und die Sanduhr"},"content":{"rendered":"<p>&nbsp;<\/p>\n<p>&nbsp;<\/p>\n<p>&nbsp;<\/p>\n<p><a href=\"http:\/\/blog.liesdoch.de\/wp-content\/uploads\/2019\/08\/50243711n.jpg\"><img loading=\"lazy\" decoding=\"async\" class=\"alignnone size-medium wp-image-7948\" src=\"http:\/\/blog.liesdoch.de\/wp-content\/uploads\/2019\/08\/50243711n-228x300.jpg\" alt=\"\" width=\"228\" height=\"300\" srcset=\"https:\/\/blog.liesdoch.de\/wp-content\/uploads\/2019\/08\/50243711n-228x300.jpg 228w, https:\/\/blog.liesdoch.de\/wp-content\/uploads\/2019\/08\/50243711n.jpg 242w\" sizes=\"auto, (max-width: 228px) 100vw, 228px\" \/><\/a><\/p>\n<p>Martina Christine Masser, Sarah, Opa und die Sanduhr, Neukirchener Verlag 2018, ISBN 978-3-7615-6490-5<\/p>\n<p>&nbsp;<\/p>\n<p>Die hier vorliegende von der Theologin Martina Christine Masser erz\u00e4hlte und von Pia Schelenz eindrucksvoll illustrierte Bilderbuch f\u00fcr Kinder ab etwa 5 Jahren erz\u00e4hlt eine wundervolle Geschichte \u00fcber das Leben und das Sterben.<\/p>\n<p>&nbsp;<\/p>\n<p>Die kleine Sarah erz\u00e4hlt diese Geschichte von ihrem Verh\u00e4ltnis zu ihrem Opa Franz, wie er, als sie noch klein war, viel mit spazieren gegangen ist, ihr die Sch\u00f6nheit der Natur nahegebracht und ihr viel vorgelesen hat, wenn sie zuhause waren.<\/p>\n<p>&nbsp;<\/p>\n<p>Irgendwann, Sarah ist mittlerweile f\u00fcnf Jahre alt, kann Opa Franz ihr nicht mehr vorlesen. Als sie selbst in der Schule lesen gelernt hat, tut sie es f\u00fcr ihn. Dann kann er nicht sprechen\u00a0 und als er einmal gest\u00fcrzt ist, wird er bettl\u00e4gerig. Sarah beginnt sich mit dem nahen Tod des geliebten Opas auseinanderzusetzen.<\/p>\n<p>&nbsp;<\/p>\n<p>Ihre Eltern, insbesondere ihre Mutter helfen ihr dabei. Eine wichtige erkl\u00e4rende Rolle dabei spielt Opas alte Sanduhr. Die Autorin l\u00e4sst die Mutter ihrer Tochter neue Erkenntnisse aus der Natur- und der Bibelwissenschaft erkl\u00e4ren, verst\u00e4ndlich und kindgerecht. Wichtig ist die Aussage, dass der Mensch im Tod als ganzer Mensch in eine andere Dimension \u00fcbergeht.<\/p>\n<p>&nbsp;<\/p>\n<p>So vorbereitet, kann Sarah auch den Tag des Todes und die Beerdigung des Gro\u00dfvaters gut verstehen und ihn bei ihren sp\u00e4teren Grabbesuchen zusammen mit der Oma in guter Erinnerung behalten.<\/p>\n<p>&nbsp;<\/p>\n<p>Die beiden sich an Erwachsene richtenden Kapitel am Endes Buches zeigen \u201ewie wir unsere Kinder unterst\u00fctzen k\u00f6nnen, wenn sie trauern\u201c und was Sarah in dem Buch nun genau hilft beim Abschied von ihrem Opa und in ihrer Trauer.<\/p>\n<p>&nbsp;<\/p>\n<p>Ein sehr empfehlenswertes Bilderbuch \u00fcber das Leben und das Sterben.<\/p>\n","protected":false},"excerpt":{"rendered":"<p>&nbsp; &nbsp; &nbsp; Martina Christine Masser, Sarah, Opa und die Sanduhr, Neukirchener Verlag 2018, ISBN 978-3-7615-6490-5 &nbsp; Die hier vorliegende von der Theologin Martina Christine Masser erz\u00e4hlte und von Pia Schelenz eindrucksvoll illustrierte Bilderbuch f\u00fcr Kinder ab etwa 5 Jahren erz\u00e4hlt eine wundervolle Geschichte \u00fcber das Leben und das Sterben. &nbsp; Die kleine Sarah erz\u00e4hlt &hellip; <a href=\"https:\/\/blog.liesdoch.de\/?p=7947\" class=\"more-link\"><span class=\"screen-reader-text\">Sarah, Opa und die Sanduhr<\/span> weiterlesen <span class=\"meta-nav\">&rarr;<\/span><\/a><\/p>\n","protected":false},"author":6,"featured_media":0,"comment_status":"closed","ping_status":"open","sticky":false,"template":"","format":"standard","meta":{"footnotes":""},"categories":[1],"tags":[],"class_list":["post-7947","post","type-post","status-publish","format-standard","hentry","category-allgemein"],"_links":{"self":[{"href":"https:\/\/blog.liesdoch.de\/index.php?rest_route=\/wp\/v2\/posts\/7947","targetHints":{"allow":["GET"]}}],"collection":[{"href":"https:\/\/blog.liesdoch.de\/index.php?rest_route=\/wp\/v2\/posts"}],"about":[{"href":"https:\/\/blog.liesdoch.de\/index.php?rest_route=\/wp\/v2\/types\/post"}],"author":[{"embeddable":true,"href":"https:\/\/blog.liesdoch.de\/index.php?rest_route=\/wp\/v2\/users\/6"}],"replies":[{"embeddable":true,"href":"https:\/\/blog.liesdoch.de\/index.php?rest_route=%2Fwp%2Fv2%2Fcomments&post=7947"}],"version-history":[{"count":1,"href":"https:\/\/blog.liesdoch.de\/index.php?rest_route=\/wp\/v2\/posts\/7947\/revisions"}],"predecessor-version":[{"id":7949,"href":"https:\/\/blog.liesdoch.de\/index.php?rest_route=\/wp\/v2\/posts\/7947\/revisions\/7949"}],"wp:attachment":[{"href":"https:\/\/blog.liesdoch.de\/index.php?rest_route=%2Fwp%2Fv2%2Fmedia&parent=7947"}],"wp:term":[{"taxonomy":"category","embeddable":true,"href":"https:\/\/blog.liesdoch.de\/index.php?rest_route=%2Fwp%2Fv2%2Fcategories&post=7947"},{"taxonomy":"post_tag","embeddable":true,"href":"https:\/\/blog.liesdoch.de\/index.php?rest_route=%2Fwp%2Fv2%2Ftags&post=7947"}],"curies":[{"name":"wp","href":"https:\/\/api.w.org\/{rel}","templated":true}]}}