{"id":7956,"date":"2019-08-06T09:04:49","date_gmt":"2019-08-06T07:04:49","guid":{"rendered":"http:\/\/blog.liesdoch.de\/?p=7956"},"modified":"2019-08-06T09:04:49","modified_gmt":"2019-08-06T07:04:49","slug":"das-nebelmaennle-vom-bodensee","status":"publish","type":"post","link":"https:\/\/blog.liesdoch.de\/?p=7956","title":{"rendered":"Das Nebelm\u00e4nnle vom Bodensee"},"content":{"rendered":"<p>&nbsp;<\/p>\n<p>&nbsp;<\/p>\n<p>&nbsp;<\/p>\n<p>&nbsp;<\/p>\n<p>&nbsp;<\/p>\n<p><a href=\"http:\/\/blog.liesdoch.de\/wp-content\/uploads\/2019\/08\/56530073n.jpg\"><img loading=\"lazy\" decoding=\"async\" class=\"alignnone size-full wp-image-7957\" src=\"http:\/\/blog.liesdoch.de\/wp-content\/uploads\/2019\/08\/56530073n.jpg\" alt=\"\" width=\"242\" height=\"291\" \/><\/a><\/p>\n<p>Anke Klaa\u00dfen, Daniela Drescher, Das Nebelm\u00e4nnle vom Bodensee, Urachhaus 2019, ISBN 978-3-8251-5214-7<\/p>\n<p>&nbsp;<\/p>\n<p>&nbsp;<\/p>\n<p>Von Daniela Drescher zauberhaft illustriert (wer h\u00e4tte diese Geschichte besser zeichnen k\u00f6nnen?) erz\u00e4hlt Anke Klaa\u00dfen die alte und unter anderem von Ludwig Uhland \u00fcberlieferte schw\u00e4bische Volkssage von dem Nebelm\u00e4nnle vom Bodensee.<\/p>\n<p>&nbsp;<\/p>\n<p>Wer schon einmal am Bodensee gewesen ist, kennt das Ph\u00e4nomen, dass manchmal mitten im Sommer graue Nebelschwaden \u00fcber dem See h\u00e4ngen und jede Sicht versperren. Laut den alten Mythen entstehen sie , wenn das Nebelm\u00e4nnle zusammen mit Wassernymphen, Wellenkuglern und allem anderen Drum und Dran eines seiner rauschenden Nebelfeste gefeiert hat.<\/p>\n<p>&nbsp;<\/p>\n<p>Als dem Ritter von Bodman eines Tages dieser st\u00e4ndige Nebel auf die Nerven geht, l\u00e4sst er gegen den Willen seiner Frau eine Nebelglocke schmieden, die er bei jedem neuen Nebeleinzug l\u00e4uten lie\u00df.<\/p>\n<p>&nbsp;<\/p>\n<p>Dem Nebelm\u00e4nnle gefiel das gar nicht und er verschwindet mit allen seinen Freunden vom Bodensee. Und auch der Nebel flieht. Nun hat der Ritter alles, was sich ertr\u00e4umte, doch es bef\u00e4llt ihn eine unendliche Traurigkeit und Sehnsucht.\u00a0 Am Ende einer siebenj\u00e4hrigen Reise durch die Welt trifft der Ritter am Rande einer W\u00fcste auf das Nebelm\u00e4nnle und sie vers\u00f6hnen sich und kehren mit dem Nebel an den Bodensee nach Bodman zur\u00fcck.<\/p>\n<p>&nbsp;<\/p>\n<p>Die Nebelglocke wird versenkt und manchmal kann man sie bei niedrigem Wasserstand noch heute glitzern sehen.<\/p>\n<p>&nbsp;<\/p>\n<p>Eine sch\u00f6ne Geschichte f\u00fcr alle Kinder, die den Bodensee kennen und seine pl\u00f6tzlichen Nebel.<\/p>\n","protected":false},"excerpt":{"rendered":"<p>&nbsp; &nbsp; &nbsp; &nbsp; &nbsp; Anke Klaa\u00dfen, Daniela Drescher, Das Nebelm\u00e4nnle vom Bodensee, Urachhaus 2019, ISBN 978-3-8251-5214-7 &nbsp; &nbsp; Von Daniela Drescher zauberhaft illustriert (wer h\u00e4tte diese Geschichte besser zeichnen k\u00f6nnen?) erz\u00e4hlt Anke Klaa\u00dfen die alte und unter anderem von Ludwig Uhland \u00fcberlieferte schw\u00e4bische Volkssage von dem Nebelm\u00e4nnle vom Bodensee. &nbsp; Wer schon einmal am &hellip; <a href=\"https:\/\/blog.liesdoch.de\/?p=7956\" class=\"more-link\"><span class=\"screen-reader-text\">Das Nebelm\u00e4nnle vom Bodensee<\/span> weiterlesen <span class=\"meta-nav\">&rarr;<\/span><\/a><\/p>\n","protected":false},"author":6,"featured_media":0,"comment_status":"closed","ping_status":"open","sticky":false,"template":"","format":"standard","meta":{"footnotes":""},"categories":[1],"tags":[],"class_list":["post-7956","post","type-post","status-publish","format-standard","hentry","category-allgemein"],"_links":{"self":[{"href":"https:\/\/blog.liesdoch.de\/index.php?rest_route=\/wp\/v2\/posts\/7956","targetHints":{"allow":["GET"]}}],"collection":[{"href":"https:\/\/blog.liesdoch.de\/index.php?rest_route=\/wp\/v2\/posts"}],"about":[{"href":"https:\/\/blog.liesdoch.de\/index.php?rest_route=\/wp\/v2\/types\/post"}],"author":[{"embeddable":true,"href":"https:\/\/blog.liesdoch.de\/index.php?rest_route=\/wp\/v2\/users\/6"}],"replies":[{"embeddable":true,"href":"https:\/\/blog.liesdoch.de\/index.php?rest_route=%2Fwp%2Fv2%2Fcomments&post=7956"}],"version-history":[{"count":1,"href":"https:\/\/blog.liesdoch.de\/index.php?rest_route=\/wp\/v2\/posts\/7956\/revisions"}],"predecessor-version":[{"id":7958,"href":"https:\/\/blog.liesdoch.de\/index.php?rest_route=\/wp\/v2\/posts\/7956\/revisions\/7958"}],"wp:attachment":[{"href":"https:\/\/blog.liesdoch.de\/index.php?rest_route=%2Fwp%2Fv2%2Fmedia&parent=7956"}],"wp:term":[{"taxonomy":"category","embeddable":true,"href":"https:\/\/blog.liesdoch.de\/index.php?rest_route=%2Fwp%2Fv2%2Fcategories&post=7956"},{"taxonomy":"post_tag","embeddable":true,"href":"https:\/\/blog.liesdoch.de\/index.php?rest_route=%2Fwp%2Fv2%2Ftags&post=7956"}],"curies":[{"name":"wp","href":"https:\/\/api.w.org\/{rel}","templated":true}]}}