{"id":7975,"date":"2019-08-20T11:06:01","date_gmt":"2019-08-20T09:06:01","guid":{"rendered":"http:\/\/blog.liesdoch.de\/?p=7975"},"modified":"2019-08-20T11:06:01","modified_gmt":"2019-08-20T09:06:01","slug":"encyclopedia-alles-uebers-fahrradfahren","status":"publish","type":"post","link":"https:\/\/blog.liesdoch.de\/?p=7975","title":{"rendered":"EnCycloPedia. Alles \u00fcbers Fahrradfahren"},"content":{"rendered":"<p>&nbsp;<\/p>\n<p>&nbsp;<\/p>\n<p>&nbsp;<\/p>\n<p>&nbsp;<\/p>\n<p>&nbsp;<\/p>\n<p>&nbsp;<\/p>\n<p><a href=\"http:\/\/blog.liesdoch.de\/wp-content\/uploads\/2019\/08\/54540699n.jpg\"><img loading=\"lazy\" decoding=\"async\" class=\"alignnone size-full wp-image-7976\" src=\"http:\/\/blog.liesdoch.de\/wp-content\/uploads\/2019\/08\/54540699n.jpg\" alt=\"\" width=\"242\" height=\"170\" \/><\/a><\/p>\n<p>Johan Tell, EnCycloPedia. Alles \u00fcbers Fahrradfahren, Benevento 2019, ISBN 978-3-7109-0075-4<\/p>\n<p>&nbsp;<\/p>\n<p>Eine ungew\u00f6hnliche und leidenschaftliche Kulturgeschichte des Fahrrads hat der selbst begeisterte Fahrradenthusiast Johan Tell hier in der Form eines enzyklop\u00e4dischen Lexikons vorgelegt. Man kann es von vorne bis hinten lesen und sich dabei von der abwechslungsreichen Vielfalt der unterschiedlich langen Texten zu den jeweiligen Stichworten.<\/p>\n<p>Die Stichworte sind breit gestreut. Sie umfassen nat\u00fcrlich alles rund um das Fahrrad, seine Geschichte, seine Typen und Technik. Teilweise sehr lange Texte \u00fcber Fahrradfirmen (z.B. Bianchi) und ihre lange Geschichte findet man genauso wie Hinweise auf Fahrr\u00e4der in Filmen etwa oder in der Kunst.<\/p>\n<p>&nbsp;<\/p>\n<p>Unter sehr vielen Stichworten verbergen sich am\u00fcsanten Anekdoten, Fakten und wahre Geschichten rund um das Radfahren, die der Autor meist selbst erlebt hat.<\/p>\n<p>&nbsp;<\/p>\n<p>Die vielen zum Teil skurrilen Stichw\u00f6rter sind am Ende des Buches in einem Register zusammengefasst, von dem man sich inspirieren lassen kann in einem Buch zu \u201esurfen\u201c, das die Qualit\u00e4t hat, zu einem neuen Lieblingsbuch f\u00fcr Fahrradbegeisterte zu werden und das sich hervorragend eignet als sch\u00f6nes Geschenk f\u00fcr alle Radfahrer.<\/p>\n<p>&nbsp;<\/p>\n<p>&nbsp;<\/p>\n","protected":false},"excerpt":{"rendered":"<p>&nbsp; &nbsp; &nbsp; &nbsp; &nbsp; &nbsp; Johan Tell, EnCycloPedia. Alles \u00fcbers Fahrradfahren, Benevento 2019, ISBN 978-3-7109-0075-4 &nbsp; Eine ungew\u00f6hnliche und leidenschaftliche Kulturgeschichte des Fahrrads hat der selbst begeisterte Fahrradenthusiast Johan Tell hier in der Form eines enzyklop\u00e4dischen Lexikons vorgelegt. Man kann es von vorne bis hinten lesen und sich dabei von der abwechslungsreichen Vielfalt der &hellip; <a href=\"https:\/\/blog.liesdoch.de\/?p=7975\" class=\"more-link\"><span class=\"screen-reader-text\">EnCycloPedia. Alles \u00fcbers Fahrradfahren<\/span> weiterlesen <span class=\"meta-nav\">&rarr;<\/span><\/a><\/p>\n","protected":false},"author":6,"featured_media":0,"comment_status":"closed","ping_status":"open","sticky":false,"template":"","format":"standard","meta":{"footnotes":""},"categories":[1],"tags":[],"class_list":["post-7975","post","type-post","status-publish","format-standard","hentry","category-allgemein"],"_links":{"self":[{"href":"https:\/\/blog.liesdoch.de\/index.php?rest_route=\/wp\/v2\/posts\/7975","targetHints":{"allow":["GET"]}}],"collection":[{"href":"https:\/\/blog.liesdoch.de\/index.php?rest_route=\/wp\/v2\/posts"}],"about":[{"href":"https:\/\/blog.liesdoch.de\/index.php?rest_route=\/wp\/v2\/types\/post"}],"author":[{"embeddable":true,"href":"https:\/\/blog.liesdoch.de\/index.php?rest_route=\/wp\/v2\/users\/6"}],"replies":[{"embeddable":true,"href":"https:\/\/blog.liesdoch.de\/index.php?rest_route=%2Fwp%2Fv2%2Fcomments&post=7975"}],"version-history":[{"count":1,"href":"https:\/\/blog.liesdoch.de\/index.php?rest_route=\/wp\/v2\/posts\/7975\/revisions"}],"predecessor-version":[{"id":7977,"href":"https:\/\/blog.liesdoch.de\/index.php?rest_route=\/wp\/v2\/posts\/7975\/revisions\/7977"}],"wp:attachment":[{"href":"https:\/\/blog.liesdoch.de\/index.php?rest_route=%2Fwp%2Fv2%2Fmedia&parent=7975"}],"wp:term":[{"taxonomy":"category","embeddable":true,"href":"https:\/\/blog.liesdoch.de\/index.php?rest_route=%2Fwp%2Fv2%2Fcategories&post=7975"},{"taxonomy":"post_tag","embeddable":true,"href":"https:\/\/blog.liesdoch.de\/index.php?rest_route=%2Fwp%2Fv2%2Ftags&post=7975"}],"curies":[{"name":"wp","href":"https:\/\/api.w.org\/{rel}","templated":true}]}}