{"id":8011,"date":"2019-08-21T08:17:54","date_gmt":"2019-08-21T06:17:54","guid":{"rendered":"http:\/\/blog.liesdoch.de\/?p=8011"},"modified":"2019-08-21T08:17:54","modified_gmt":"2019-08-21T06:17:54","slug":"rettet-den-boden-warum-wir-um-das-leben-unter-unseren-fuessen-kaempfen-muessen","status":"publish","type":"post","link":"https:\/\/blog.liesdoch.de\/?p=8011","title":{"rendered":"Rettet den Boden. Warum wir um das Leben unter unseren F\u00fc\u00dfen k\u00e4mpfen m\u00fcssen"},"content":{"rendered":"<p>&nbsp;<\/p>\n<p>&nbsp;<\/p>\n<p>&nbsp;<\/p>\n<p><a href=\"http:\/\/blog.liesdoch.de\/wp-content\/uploads\/2019\/08\/54344962n.jpg\"><img loading=\"lazy\" decoding=\"async\" class=\"alignnone size-medium wp-image-8012\" src=\"http:\/\/blog.liesdoch.de\/wp-content\/uploads\/2019\/08\/54344962n-190x300.jpg\" alt=\"\" width=\"190\" height=\"300\" srcset=\"https:\/\/blog.liesdoch.de\/wp-content\/uploads\/2019\/08\/54344962n-190x300.jpg 190w, https:\/\/blog.liesdoch.de\/wp-content\/uploads\/2019\/08\/54344962n.jpg 242w\" sizes=\"auto, (max-width: 190px) 100vw, 190px\" \/><\/a><\/p>\n<p>Florian Schwinn, Rettet den Boden. Warum wir um das Leben unter unseren F\u00fc\u00dfen k\u00e4mpfen m\u00fcssen, Westend 2019, ISBN 978-3-86489-242-4<\/p>\n<p>&nbsp;<\/p>\n<p>Alle reden \u00fcber das Klima. Es geht in der aktuellen, stellenweise ins Katastrophische abgleitenden Debatte in der \u00d6ffentlichkeit und zunehmend in der Politik um die unterschiedlichsten Ma\u00dfnahmen, um das bei der Pariser Klimakonferenz verabredete Ziel der Begrenzung der Erderw\u00e4rmung zu erreichen.<\/p>\n<p>&nbsp;<\/p>\n<p>Obwohl immer auch dabei hingewiesen wird auf den enormen Anteil, den die Landwirtschaft durch die moderne Weise ihrer Nahrungsmittelproduktion und des Anbaus an der Ver\u00e4nderung des Klimas hat, ist die Grundlage aller Landwirtschaft, eben auch der biologischen, der Boden und seine Humusschicht, bisher viel zu wenig beachtet worden.<\/p>\n<p>&nbsp;<\/p>\n<p>Der erfahrene und mit etlichen Umweltpreisen f\u00fcr seine engagierte journalistische Arbeit ausgezeichnete Journalist Florian Schwinn zeigt in seinem hier beim Westend Verlag erschienenen Buch, dass wir dem \u201eBoden unter unseren F\u00fc\u00dfen\u201c viel mehr Aufmerksamkeit widmen m\u00fcssen, denn er ist die Grundlage f\u00fcr alles Leben. Wir leben von dem, was der Boden bereitstellt.<\/p>\n<p>&nbsp;<\/p>\n<p>Schwinn zeigt sehr verst\u00e4ndlich und aufschlussreich, welches unglaubliche Leben in nur einer Handvoll Erde es gibt. Da leben mehr Organismen als es Menschen auf der Erde gibt. Mikroorganismen und Regenw\u00fcrmer, Asseln, Fadenw\u00fcrmer, Springschw\u00e4nze uvm sind die biologischen Arbeiter, die dem Menschen zu einem ertragreichen Boden verhelfen. Haben die Bauern in fr\u00fcheren Zeiten noch daf\u00fcr gesorgt, dass sich der Humus aufbauen kann (ein Millimeter braucht dreihundert Jahre!), beutet die moderne Landwirtschaft diesen Boden nur noch aus. Die G\u00fclle, die als D\u00fcnger ausgebracht wird, reicht nicht, um wirklich Humus aufzubauen, sondern vergiftet den Boden und das Wasser zusehends.<\/p>\n<p>&nbsp;<\/p>\n<p>Florian Schwinn zeigt engagiert und leidenschaftlich, dass mit dem Aufbau von nur vier Promille Humus mehr pro Jahr auf allen landwirtschaftlichen Fl\u00e4chen der weltweite Kohlendioxidaussto\u00df im Boden gespeichert werden k\u00f6nnte. Eine solche weltweite Vier-Promille-Initiative hatte Gastgeber Frankreich bei der Pariser Konferenz vergeblich vorgeschlagen. Obwohl ich mich ausf\u00fchrlich t\u00e4glich \u00fcber verschiedene Pressemedien \u00fcber die Klimadebatte informiere, war mit diese Tatsache bisher nicht bekannt.<\/p>\n<p>&nbsp;<\/p>\n<p>Florian Schwinn fordert, diese Bodeninitiative wieder aufzunehmen. Ein sofortiges Umdenken sei n\u00f6tig im Umgang mit unseren B\u00f6den. Nur so kann unsere wichtigste Lebensgrundlage gerettet werden. Gleichzeitig k\u00f6nnte so ein wirklich entscheidender Beitrag geleistet werden zum Klimaschutz und zum Erhalt der Artenvielfalt.<\/p>\n<p>&nbsp;<\/p>\n<p>Mit einer Humuswende, wie er sie vorschl\u00e4gt, k\u00f6nnte die Landwirtschaft vom Klimazerst\u00f6rer zum Klimaretter werden. Leider ist diese dringend n\u00f6tige und \u201egrund\u201c legende Wende bisher in der zunehmend aufgeheizten Umweltdebatte um Ausstiegsdaten, SUVs und Flugscham noch nicht in den Blick geraten. \u00dcbrigens: ist die Humusschicht erst einmal zerst\u00f6rt, ist auf diesen Fl\u00e4chen auch \u00fcber Jahrhunderte kein \u00f6kologischer Landbau mehr m\u00f6glich.<\/p>\n<p>&nbsp;<\/p>\n<p>Vielleicht hilft eine gr\u00fcne Regierungsbeteiligung nach der n\u00e4chsten Wahl, die uns wohl schneller bevorsteht, als manche denken, der Humuswende den n\u00f6tigen politischen Schub zu geben und ihre Umsetzung einzuleiten.<\/p>\n<p>&nbsp;<\/p>\n<p>Dieses Buch stellt den Boden als das zentrale Element f\u00fcr die Kohlenstoffbindung endlich in den Mittelpunkt.<\/p>\n<p>&nbsp;<\/p>\n<p>&nbsp;<\/p>\n<p>&nbsp;<\/p>\n<p>&nbsp;<\/p>\n","protected":false},"excerpt":{"rendered":"<p>&nbsp; &nbsp; &nbsp; Florian Schwinn, Rettet den Boden. Warum wir um das Leben unter unseren F\u00fc\u00dfen k\u00e4mpfen m\u00fcssen, Westend 2019, ISBN 978-3-86489-242-4 &nbsp; Alle reden \u00fcber das Klima. Es geht in der aktuellen, stellenweise ins Katastrophische abgleitenden Debatte in der \u00d6ffentlichkeit und zunehmend in der Politik um die unterschiedlichsten Ma\u00dfnahmen, um das bei der Pariser &hellip; <a href=\"https:\/\/blog.liesdoch.de\/?p=8011\" class=\"more-link\"><span class=\"screen-reader-text\">Rettet den Boden. Warum wir um das Leben unter unseren F\u00fc\u00dfen k\u00e4mpfen m\u00fcssen<\/span> weiterlesen <span class=\"meta-nav\">&rarr;<\/span><\/a><\/p>\n","protected":false},"author":6,"featured_media":0,"comment_status":"closed","ping_status":"open","sticky":false,"template":"","format":"standard","meta":{"footnotes":""},"categories":[1],"tags":[],"class_list":["post-8011","post","type-post","status-publish","format-standard","hentry","category-allgemein"],"_links":{"self":[{"href":"https:\/\/blog.liesdoch.de\/index.php?rest_route=\/wp\/v2\/posts\/8011","targetHints":{"allow":["GET"]}}],"collection":[{"href":"https:\/\/blog.liesdoch.de\/index.php?rest_route=\/wp\/v2\/posts"}],"about":[{"href":"https:\/\/blog.liesdoch.de\/index.php?rest_route=\/wp\/v2\/types\/post"}],"author":[{"embeddable":true,"href":"https:\/\/blog.liesdoch.de\/index.php?rest_route=\/wp\/v2\/users\/6"}],"replies":[{"embeddable":true,"href":"https:\/\/blog.liesdoch.de\/index.php?rest_route=%2Fwp%2Fv2%2Fcomments&post=8011"}],"version-history":[{"count":1,"href":"https:\/\/blog.liesdoch.de\/index.php?rest_route=\/wp\/v2\/posts\/8011\/revisions"}],"predecessor-version":[{"id":8013,"href":"https:\/\/blog.liesdoch.de\/index.php?rest_route=\/wp\/v2\/posts\/8011\/revisions\/8013"}],"wp:attachment":[{"href":"https:\/\/blog.liesdoch.de\/index.php?rest_route=%2Fwp%2Fv2%2Fmedia&parent=8011"}],"wp:term":[{"taxonomy":"category","embeddable":true,"href":"https:\/\/blog.liesdoch.de\/index.php?rest_route=%2Fwp%2Fv2%2Fcategories&post=8011"},{"taxonomy":"post_tag","embeddable":true,"href":"https:\/\/blog.liesdoch.de\/index.php?rest_route=%2Fwp%2Fv2%2Ftags&post=8011"}],"curies":[{"name":"wp","href":"https:\/\/api.w.org\/{rel}","templated":true}]}}