{"id":8018,"date":"2019-08-22T11:31:55","date_gmt":"2019-08-22T09:31:55","guid":{"rendered":"http:\/\/blog.liesdoch.de\/?p=8018"},"modified":"2019-08-22T11:31:55","modified_gmt":"2019-08-22T09:31:55","slug":"keine-angst-kleiner-hase","status":"publish","type":"post","link":"https:\/\/blog.liesdoch.de\/?p=8018","title":{"rendered":"Keine Angst, kleiner Hase"},"content":{"rendered":"<p>&nbsp;<\/p>\n<p>&nbsp;<\/p>\n<p><a href=\"http:\/\/blog.liesdoch.de\/wp-content\/uploads\/2019\/08\/52497042n.jpg\"><img loading=\"lazy\" decoding=\"async\" class=\"alignnone size-medium wp-image-8019\" src=\"http:\/\/blog.liesdoch.de\/wp-content\/uploads\/2019\/08\/52497042n-212x300.jpg\" alt=\"\" width=\"212\" height=\"300\" srcset=\"https:\/\/blog.liesdoch.de\/wp-content\/uploads\/2019\/08\/52497042n-212x300.jpg 212w, https:\/\/blog.liesdoch.de\/wp-content\/uploads\/2019\/08\/52497042n.jpg 242w\" sizes=\"auto, (max-width: 212px) 100vw, 212px\" \/><\/a><\/p>\n<p>Stefan Gemmel, Marie-Jose Sacre, Keine Angst, kleiner Hase, Carl-Auer Verlag 2018, ISBN 9783-8497-0252-6<\/p>\n<p>&nbsp;<\/p>\n<p>&nbsp;<\/p>\n<p>\u201eKeine Angst, kleiner Hase\u201c ist das dritte Bilderbuch des Autorenteams Gemmel und Sacre, in dem der ungeheuer gro\u00dfe und schwere Drache Bodo, der letzte seiner Art im Wald von Tohuwabohu auf jeweils ein anderes Tier trifft. Dieses Mal begegnet der ungew\u00f6hnliche Drache, der noch im Leben gebr\u00fcllt hat, stattdessen lieber Blumen pfl\u00fcckt und morgens der Sonne ein Begr\u00fc\u00dfungslied singt und abends dem Mond einen Nachttanz vorf\u00fchrt, einem kleinen Hasen.<\/p>\n<p>&nbsp;<\/p>\n<p>Der h\u00e4lt den Drachen f\u00fcr mindestens seltsam, als er so die Sonne mit einem Lied begr\u00fc\u00dft, und fragt den Drachen: \u201eBenimmt sich so ein Drache?\u201c<\/p>\n<p>&nbsp;<\/p>\n<p>Und schon entspinnt sich ein Gespr\u00e4ch \u00fcber das, was Drachen angeblich tun: rumbr\u00fcllen und anderen Tieren Angst einjagen. Bode, der Drache, wei\u00df gar nicht, wie das geht und der kleine Hase versucht, es ihm zu zeigen.<\/p>\n<p>&nbsp;<\/p>\n<p>Bodo probiert es, als der Hase anf\u00e4ngt zu weinen. Bodo tr\u00f6stet ihn und der Hase gesteht ihm, dass er jemanden sucht, der seine Angst erschrecken kann. Und nun wird Bodo richtig lebendig und br\u00fcllt ganz laut in den Wald.<\/p>\n<p>&nbsp;<\/p>\n<p>Und irgendwann ist auch die Angst des Hasen weg. Und Bodo hat fast ein schlechtes Gewissen.<\/p>\n<p>&nbsp;<\/p>\n<p>Ein sch\u00f6nes Bilderbuch \u00fcber die Angst vor der Dunkelheit.<\/p>\n<p>&nbsp;<\/p>\n<p>&nbsp;<\/p>\n","protected":false},"excerpt":{"rendered":"<p>&nbsp; &nbsp; Stefan Gemmel, Marie-Jose Sacre, Keine Angst, kleiner Hase, Carl-Auer Verlag 2018, ISBN 9783-8497-0252-6 &nbsp; &nbsp; \u201eKeine Angst, kleiner Hase\u201c ist das dritte Bilderbuch des Autorenteams Gemmel und Sacre, in dem der ungeheuer gro\u00dfe und schwere Drache Bodo, der letzte seiner Art im Wald von Tohuwabohu auf jeweils ein anderes Tier trifft. Dieses Mal &hellip; <a href=\"https:\/\/blog.liesdoch.de\/?p=8018\" class=\"more-link\"><span class=\"screen-reader-text\">Keine Angst, kleiner Hase<\/span> weiterlesen <span class=\"meta-nav\">&rarr;<\/span><\/a><\/p>\n","protected":false},"author":6,"featured_media":0,"comment_status":"closed","ping_status":"open","sticky":false,"template":"","format":"standard","meta":{"footnotes":""},"categories":[1],"tags":[],"class_list":["post-8018","post","type-post","status-publish","format-standard","hentry","category-allgemein"],"_links":{"self":[{"href":"https:\/\/blog.liesdoch.de\/index.php?rest_route=\/wp\/v2\/posts\/8018","targetHints":{"allow":["GET"]}}],"collection":[{"href":"https:\/\/blog.liesdoch.de\/index.php?rest_route=\/wp\/v2\/posts"}],"about":[{"href":"https:\/\/blog.liesdoch.de\/index.php?rest_route=\/wp\/v2\/types\/post"}],"author":[{"embeddable":true,"href":"https:\/\/blog.liesdoch.de\/index.php?rest_route=\/wp\/v2\/users\/6"}],"replies":[{"embeddable":true,"href":"https:\/\/blog.liesdoch.de\/index.php?rest_route=%2Fwp%2Fv2%2Fcomments&post=8018"}],"version-history":[{"count":1,"href":"https:\/\/blog.liesdoch.de\/index.php?rest_route=\/wp\/v2\/posts\/8018\/revisions"}],"predecessor-version":[{"id":8020,"href":"https:\/\/blog.liesdoch.de\/index.php?rest_route=\/wp\/v2\/posts\/8018\/revisions\/8020"}],"wp:attachment":[{"href":"https:\/\/blog.liesdoch.de\/index.php?rest_route=%2Fwp%2Fv2%2Fmedia&parent=8018"}],"wp:term":[{"taxonomy":"category","embeddable":true,"href":"https:\/\/blog.liesdoch.de\/index.php?rest_route=%2Fwp%2Fv2%2Fcategories&post=8018"},{"taxonomy":"post_tag","embeddable":true,"href":"https:\/\/blog.liesdoch.de\/index.php?rest_route=%2Fwp%2Fv2%2Ftags&post=8018"}],"curies":[{"name":"wp","href":"https:\/\/api.w.org\/{rel}","templated":true}]}}