{"id":8034,"date":"2019-08-23T10:43:46","date_gmt":"2019-08-23T08:43:46","guid":{"rendered":"http:\/\/blog.liesdoch.de\/?p=8034"},"modified":"2019-08-23T10:43:46","modified_gmt":"2019-08-23T08:43:46","slug":"seestuecke-2020","status":"publish","type":"post","link":"https:\/\/blog.liesdoch.de\/?p=8034","title":{"rendered":"Seest\u00fccke 2020"},"content":{"rendered":"<p>&nbsp;<\/p>\n<p><a href=\"http:\/\/blog.liesdoch.de\/wp-content\/uploads\/2019\/08\/54795574n.jpg\"><img loading=\"lazy\" decoding=\"async\" class=\"alignnone size-full wp-image-8035\" src=\"http:\/\/blog.liesdoch.de\/wp-content\/uploads\/2019\/08\/54795574n.jpg\" alt=\"\" width=\"242\" height=\"171\" \/><\/a><\/p>\n<p>Berthold Steinhilber. Seest\u00fccke 2020, Dumont Kalenderverlag 2019, ISBN 978-3-8320-4448-0<\/p>\n<p>&nbsp;<\/p>\n<p>Diese wunderbaren Fotografien von Berthold Steinhilber hat er in allen Teilen der Welt aufgenommen.\u00a0 Sie zeigen beeindruckende und in ihrer Art einzigartige Meeres- und K\u00fcstenabschnitte und ziehen den Betrachter jeden Tag aufs Neue an durch ihre ganz besondere Bildsprache. Sie wirken wie gemalt und sollen an die deutsche Malerei des 19. und fr\u00fchen 20. Jahrhunderts erinnern.<\/p>\n<p>&nbsp;<\/p>\n<p>Die Fotografien, die er f\u00fcr diesen Kalender 2020 ausgew\u00e4hlt sind Teil eines fotografischen Langzeitprojekts Steinhilbers, mit dem er auf die Empfindlichkeit und die Bedrohung des \u00d6kosystems Meer aufmerksam machen m\u00f6chte.<\/p>\n<p>Die mit viel Aufmerksamkeit ausgew\u00e4hlten Kalenderbilder zeigen unter anderen die Kliffs von Moher in Irland, die Kreidefelsen von \u00c9tretat in der Normandie, den ber\u00fchmten Tela Pier in Honduras, ehemalige Verladestation f\u00fcr Bananen, oder den Nationalpark Nieders\u00e4chsisches Wattenmeer.<\/p>\n<p>&nbsp;<\/p>\n<p>Alle Bilder, so unterschiedlich sie auch sind, strahlen alle eine gro\u00dfe Ruhe und Weite aus, gerade richtig, um nach ihrer Betrachtung einen Tag zu beginnen oder zu beenden.<\/p>\n<p>&nbsp;<\/p>\n<p>&nbsp;<\/p>\n<p>&nbsp;<\/p>\n","protected":false},"excerpt":{"rendered":"<p>&nbsp; Berthold Steinhilber. Seest\u00fccke 2020, Dumont Kalenderverlag 2019, ISBN 978-3-8320-4448-0 &nbsp; Diese wunderbaren Fotografien von Berthold Steinhilber hat er in allen Teilen der Welt aufgenommen.\u00a0 Sie zeigen beeindruckende und in ihrer Art einzigartige Meeres- und K\u00fcstenabschnitte und ziehen den Betrachter jeden Tag aufs Neue an durch ihre ganz besondere Bildsprache. Sie wirken wie gemalt und &hellip; <a href=\"https:\/\/blog.liesdoch.de\/?p=8034\" class=\"more-link\"><span class=\"screen-reader-text\">Seest\u00fccke 2020<\/span> weiterlesen <span class=\"meta-nav\">&rarr;<\/span><\/a><\/p>\n","protected":false},"author":6,"featured_media":0,"comment_status":"closed","ping_status":"open","sticky":false,"template":"","format":"standard","meta":{"footnotes":""},"categories":[1],"tags":[],"class_list":["post-8034","post","type-post","status-publish","format-standard","hentry","category-allgemein"],"_links":{"self":[{"href":"https:\/\/blog.liesdoch.de\/index.php?rest_route=\/wp\/v2\/posts\/8034","targetHints":{"allow":["GET"]}}],"collection":[{"href":"https:\/\/blog.liesdoch.de\/index.php?rest_route=\/wp\/v2\/posts"}],"about":[{"href":"https:\/\/blog.liesdoch.de\/index.php?rest_route=\/wp\/v2\/types\/post"}],"author":[{"embeddable":true,"href":"https:\/\/blog.liesdoch.de\/index.php?rest_route=\/wp\/v2\/users\/6"}],"replies":[{"embeddable":true,"href":"https:\/\/blog.liesdoch.de\/index.php?rest_route=%2Fwp%2Fv2%2Fcomments&post=8034"}],"version-history":[{"count":1,"href":"https:\/\/blog.liesdoch.de\/index.php?rest_route=\/wp\/v2\/posts\/8034\/revisions"}],"predecessor-version":[{"id":8036,"href":"https:\/\/blog.liesdoch.de\/index.php?rest_route=\/wp\/v2\/posts\/8034\/revisions\/8036"}],"wp:attachment":[{"href":"https:\/\/blog.liesdoch.de\/index.php?rest_route=%2Fwp%2Fv2%2Fmedia&parent=8034"}],"wp:term":[{"taxonomy":"category","embeddable":true,"href":"https:\/\/blog.liesdoch.de\/index.php?rest_route=%2Fwp%2Fv2%2Fcategories&post=8034"},{"taxonomy":"post_tag","embeddable":true,"href":"https:\/\/blog.liesdoch.de\/index.php?rest_route=%2Fwp%2Fv2%2Ftags&post=8034"}],"curies":[{"name":"wp","href":"https:\/\/api.w.org\/{rel}","templated":true}]}}