{"id":8043,"date":"2019-08-23T10:45:41","date_gmt":"2019-08-23T08:45:41","guid":{"rendered":"http:\/\/blog.liesdoch.de\/?p=8043"},"modified":"2019-08-23T10:45:41","modified_gmt":"2019-08-23T08:45:41","slug":"zur-sache-deutschland-was-die-zerstrittene-republik-wieder-eint","status":"publish","type":"post","link":"https:\/\/blog.liesdoch.de\/?p=8043","title":{"rendered":"Zur Sache. Deutschland. Was die zerstrittene Republik wieder eint"},"content":{"rendered":"<p>&nbsp;<\/p>\n<p>&nbsp;<\/p>\n<p>&nbsp;<\/p>\n<p>&nbsp;<\/p>\n<p>&nbsp;<\/p>\n<p><a href=\"http:\/\/blog.liesdoch.de\/wp-content\/uploads\/2019\/08\/54727920n.jpg\"><img loading=\"lazy\" decoding=\"async\" class=\"alignnone size-medium wp-image-8044\" src=\"http:\/\/blog.liesdoch.de\/wp-content\/uploads\/2019\/08\/54727920n-187x300.jpg\" alt=\"\" width=\"187\" height=\"300\" srcset=\"https:\/\/blog.liesdoch.de\/wp-content\/uploads\/2019\/08\/54727920n-187x300.jpg 187w, https:\/\/blog.liesdoch.de\/wp-content\/uploads\/2019\/08\/54727920n.jpg 242w\" sizes=\"auto, (max-width: 187px) 100vw, 187px\" \/><\/a>J<\/p>\n<p>ochen Bittner, Zur Sache. Deutschland. Was die zerstritteneRepublik wieder eint, Edition K\u00f6rber 2019, ISBN 978-3-89684-270-1<\/p>\n<p>&nbsp;<\/p>\n<p>Das politische Klima in unserem Land ist sp\u00e4testens seit der Fl\u00fcchtlingskrise 2015 in unserem Land in einem so seit der Wiedervereinigung nie dagewesenen schlechten Zustand. Eine normale \u00f6ffentliche Debatte ist kaum noch m\u00f6glich. Selbst fr\u00fcher \u00fcbliche kontroverse Gespr\u00e4che unter Freunden oder Kollegen enden oft im Abbruch der Beziehung. Das Klima ist vergiftet, alle \u00f6ffentliche Wahrnehmung ist darauf fixiert, was unser Land spaltet. Die Presse und\u00a0 die Medien haben daran einen Anteil, die \u201easozialen\u201c Medien sowieso.<\/p>\n<p>&nbsp;<\/p>\n<p>Der ZEIT- Journalist Jochen\u00a0 Bittner, der an dem Projekt seiner Zeitung beteiligt war, fremde Menschen mit sehr kontroversen Ansichten zu verschiedenen Themen erfolgreich ins Gespr\u00e4ch zu bringen, pl\u00e4diert in seinem hier vorliegenden Zwischenruf f\u00fcr ein Ende der Daueremp\u00f6rung, einen vern\u00fcnftigeren Umgang mit Emotionen in der politischen Debatte und eine R\u00fcckkehr zur Sachlichkeit. An den Themen Migration, Integration, Islam, Leitkultur, Heimat, Feminismus und Journalismus deckt er die Lebensl\u00fcgen unserer gegenw\u00e4rtigen Gesellschaft auf und identifiziert immer wieder kehrenden Denkschablonen, die das Klima immer nur weiter anheizen und die Spaltung in unserem\u00a0 Land nur versch\u00e4rft.<\/p>\n<p>&nbsp;<\/p>\n<p>Mit vielen Informationen und versachlichendem Hintergrundwissen formuliert er zu jedem dieser Themen Vorschl\u00e4ge, wie man neu denken k\u00f6nnte, andere Richtungen einschlagen und vor allem statt sich gegenseitig abzuwerten und zu diffamieren, miteinander um die jeweilige anstehende Sache ringen k\u00f6nnte.<\/p>\n<p>&nbsp;<\/p>\n<p>Dabei ist er in jedem einzelnen Fall davon \u00fcberzeugt, dass es in Deutschlands \u00d6ffentlichkeit und Gesellschaft Kr\u00e4fte und Potentiale gibt, die es besser machen k\u00f6nnen als derzeit.<\/p>\n<p>&nbsp;<\/p>\n<p>Ein n\u00f6tiger und \u00fcberzeugender Zwischenruf eines kritischen und selbstkritischen Journalisten.<\/p>\n","protected":false},"excerpt":{"rendered":"<p>&nbsp; &nbsp; &nbsp; &nbsp; &nbsp; J ochen Bittner, Zur Sache. Deutschland. Was die zerstritteneRepublik wieder eint, Edition K\u00f6rber 2019, ISBN 978-3-89684-270-1 &nbsp; Das politische Klima in unserem Land ist sp\u00e4testens seit der Fl\u00fcchtlingskrise 2015 in unserem Land in einem so seit der Wiedervereinigung nie dagewesenen schlechten Zustand. Eine normale \u00f6ffentliche Debatte ist kaum noch m\u00f6glich. &hellip; <a href=\"https:\/\/blog.liesdoch.de\/?p=8043\" class=\"more-link\"><span class=\"screen-reader-text\">Zur Sache. Deutschland. Was die zerstrittene Republik wieder eint<\/span> weiterlesen <span class=\"meta-nav\">&rarr;<\/span><\/a><\/p>\n","protected":false},"author":6,"featured_media":0,"comment_status":"closed","ping_status":"open","sticky":false,"template":"","format":"standard","meta":{"footnotes":""},"categories":[1],"tags":[],"class_list":["post-8043","post","type-post","status-publish","format-standard","hentry","category-allgemein"],"_links":{"self":[{"href":"https:\/\/blog.liesdoch.de\/index.php?rest_route=\/wp\/v2\/posts\/8043","targetHints":{"allow":["GET"]}}],"collection":[{"href":"https:\/\/blog.liesdoch.de\/index.php?rest_route=\/wp\/v2\/posts"}],"about":[{"href":"https:\/\/blog.liesdoch.de\/index.php?rest_route=\/wp\/v2\/types\/post"}],"author":[{"embeddable":true,"href":"https:\/\/blog.liesdoch.de\/index.php?rest_route=\/wp\/v2\/users\/6"}],"replies":[{"embeddable":true,"href":"https:\/\/blog.liesdoch.de\/index.php?rest_route=%2Fwp%2Fv2%2Fcomments&post=8043"}],"version-history":[{"count":1,"href":"https:\/\/blog.liesdoch.de\/index.php?rest_route=\/wp\/v2\/posts\/8043\/revisions"}],"predecessor-version":[{"id":8045,"href":"https:\/\/blog.liesdoch.de\/index.php?rest_route=\/wp\/v2\/posts\/8043\/revisions\/8045"}],"wp:attachment":[{"href":"https:\/\/blog.liesdoch.de\/index.php?rest_route=%2Fwp%2Fv2%2Fmedia&parent=8043"}],"wp:term":[{"taxonomy":"category","embeddable":true,"href":"https:\/\/blog.liesdoch.de\/index.php?rest_route=%2Fwp%2Fv2%2Fcategories&post=8043"},{"taxonomy":"post_tag","embeddable":true,"href":"https:\/\/blog.liesdoch.de\/index.php?rest_route=%2Fwp%2Fv2%2Ftags&post=8043"}],"curies":[{"name":"wp","href":"https:\/\/api.w.org\/{rel}","templated":true}]}}