{"id":8046,"date":"2019-08-23T10:46:15","date_gmt":"2019-08-23T08:46:15","guid":{"rendered":"http:\/\/blog.liesdoch.de\/?p=8046"},"modified":"2019-08-23T10:46:15","modified_gmt":"2019-08-23T08:46:15","slug":"vom-glueck-der-langsamkeit","status":"publish","type":"post","link":"https:\/\/blog.liesdoch.de\/?p=8046","title":{"rendered":"Vom Gl\u00fcck der Langsamkeit"},"content":{"rendered":"<p>&nbsp;<\/p>\n<p>&nbsp;<\/p>\n<p>&nbsp;<\/p>\n<p>&nbsp;<\/p>\n<p><a href=\"http:\/\/blog.liesdoch.de\/wp-content\/uploads\/2019\/08\/54464316n.jpg\"><img loading=\"lazy\" decoding=\"async\" class=\"alignnone size-medium wp-image-8047\" src=\"http:\/\/blog.liesdoch.de\/wp-content\/uploads\/2019\/08\/54464316n-202x300.jpg\" alt=\"\" width=\"202\" height=\"300\" srcset=\"https:\/\/blog.liesdoch.de\/wp-content\/uploads\/2019\/08\/54464316n-202x300.jpg 202w, https:\/\/blog.liesdoch.de\/wp-content\/uploads\/2019\/08\/54464316n.jpg 242w\" sizes=\"auto, (max-width: 202px) 100vw, 202px\" \/><\/a><\/p>\n<p>Quint Buchholz, Vom Gl\u00fcck der Langsamkeit, G\u00fctersloher Verlagshaus 2019, ISBN 978-3-579-01466-1<\/p>\n<p>&nbsp;<\/p>\n<p>Quint Buchholz, einer der originellsten und besten Illustratoren und K\u00fcnstler der Gegenwart, hat in der Vergangenheit schon viele B\u00fccher anderer Autoren bebildert, zuletzt etwa das Buch \u201eNero Corleone kehrt zur\u00fcck\u201c von Elke Heidenreich, die dem Buch auch ein kluges und nachdenkliches Vorwort gewidmet hat.<\/p>\n<p>&nbsp;<\/p>\n<p>Mit einem Gedicht und wunderbaren, einf\u00fchlsamen und zarten Bildern besang Quint Buchholz zuletzt 2013 in einem seiner eigenen B\u00fccher die Vielfalt, Faszination und Einzigartigkeit von B\u00fcchern aller Art.<\/p>\n<p>&nbsp;<\/p>\n<p>Das hier vorliegende neue Buch von ihm atmet einen \u00e4hnlichen Geist. Buchholz hat viele Texte und Gedichte aus verschiedenen Jahrhunderten ausgew\u00e4hlt und ihnen alte und neue, bisher unver\u00f6ffentlichte Bilder zugeordnet. Alles dreht sich um einen aufmerksamen und zugleich gelassenen Umgang mit der Ressource Zeit und was dieser Umgang f\u00fcr unser Leben bedeuten kann.<\/p>\n<p>&nbsp;<\/p>\n<p>Quint Buchholz` unverwechselbare Bilder stellen\u00a0 Fragen an seine Betrachter. Fragen nach dem Gl\u00fcck, der Stille und immer wieder: was und wann ist der richtige Augenblick, der Kairos im Leben.<\/p>\n<p>&nbsp;<\/p>\n<p>Inseln sind diese Bilder und die mit ihnen kommunizierenden Texte, sie verlangsamen unsere Wahrnehmung und lassen uns absichtslos innehalten.<\/p>\n<p>&nbsp;<\/p>\n<p>Wie es in einem Text von Christian Morgenstern aus dem Buch hei\u00dft: \u201eden Puls des eigenen Herzens f\u00fchlen. Ruhe im Innern. Ruhe im \u00c4u\u00dfern. Wieder Atem holen lernen, das ist es.\u201c<\/p>\n<p>&nbsp;<\/p>\n<p>Angesichts der Hektik unserer Zeit und dem Tempo, in dem wir uns selbst vorantreiben bis zur v\u00f6lligen Ersch\u00f6pfung oder dem Burnout, ist dieses Buch radikal. Radikal langsam. Radikal still. Radikal nachdenklich und kontemplativ.<\/p>\n<p>&nbsp;<\/p>\n<p>Ein Genuss f\u00fcr die Seele.<\/p>\n<p>&nbsp;<\/p>\n<p>&nbsp;<\/p>\n<p>&nbsp;<\/p>\n","protected":false},"excerpt":{"rendered":"<p>&nbsp; &nbsp; &nbsp; &nbsp; Quint Buchholz, Vom Gl\u00fcck der Langsamkeit, G\u00fctersloher Verlagshaus 2019, ISBN 978-3-579-01466-1 &nbsp; Quint Buchholz, einer der originellsten und besten Illustratoren und K\u00fcnstler der Gegenwart, hat in der Vergangenheit schon viele B\u00fccher anderer Autoren bebildert, zuletzt etwa das Buch \u201eNero Corleone kehrt zur\u00fcck\u201c von Elke Heidenreich, die dem Buch auch ein kluges &hellip; <a href=\"https:\/\/blog.liesdoch.de\/?p=8046\" class=\"more-link\"><span class=\"screen-reader-text\">Vom Gl\u00fcck der Langsamkeit<\/span> weiterlesen <span class=\"meta-nav\">&rarr;<\/span><\/a><\/p>\n","protected":false},"author":6,"featured_media":0,"comment_status":"closed","ping_status":"open","sticky":false,"template":"","format":"standard","meta":{"footnotes":""},"categories":[1],"tags":[],"class_list":["post-8046","post","type-post","status-publish","format-standard","hentry","category-allgemein"],"_links":{"self":[{"href":"https:\/\/blog.liesdoch.de\/index.php?rest_route=\/wp\/v2\/posts\/8046","targetHints":{"allow":["GET"]}}],"collection":[{"href":"https:\/\/blog.liesdoch.de\/index.php?rest_route=\/wp\/v2\/posts"}],"about":[{"href":"https:\/\/blog.liesdoch.de\/index.php?rest_route=\/wp\/v2\/types\/post"}],"author":[{"embeddable":true,"href":"https:\/\/blog.liesdoch.de\/index.php?rest_route=\/wp\/v2\/users\/6"}],"replies":[{"embeddable":true,"href":"https:\/\/blog.liesdoch.de\/index.php?rest_route=%2Fwp%2Fv2%2Fcomments&post=8046"}],"version-history":[{"count":1,"href":"https:\/\/blog.liesdoch.de\/index.php?rest_route=\/wp\/v2\/posts\/8046\/revisions"}],"predecessor-version":[{"id":8048,"href":"https:\/\/blog.liesdoch.de\/index.php?rest_route=\/wp\/v2\/posts\/8046\/revisions\/8048"}],"wp:attachment":[{"href":"https:\/\/blog.liesdoch.de\/index.php?rest_route=%2Fwp%2Fv2%2Fmedia&parent=8046"}],"wp:term":[{"taxonomy":"category","embeddable":true,"href":"https:\/\/blog.liesdoch.de\/index.php?rest_route=%2Fwp%2Fv2%2Fcategories&post=8046"},{"taxonomy":"post_tag","embeddable":true,"href":"https:\/\/blog.liesdoch.de\/index.php?rest_route=%2Fwp%2Fv2%2Ftags&post=8046"}],"curies":[{"name":"wp","href":"https:\/\/api.w.org\/{rel}","templated":true}]}}