{"id":8049,"date":"2019-08-23T10:46:49","date_gmt":"2019-08-23T08:46:49","guid":{"rendered":"http:\/\/blog.liesdoch.de\/?p=8049"},"modified":"2019-08-23T10:46:49","modified_gmt":"2019-08-23T08:46:49","slug":"fragile","status":"publish","type":"post","link":"https:\/\/blog.liesdoch.de\/?p=8049","title":{"rendered":"fragile"},"content":{"rendered":"<p>&nbsp;<\/p>\n<p><a href=\"http:\/\/blog.liesdoch.de\/wp-content\/uploads\/2019\/08\/56058346n.jpg\"><img loading=\"lazy\" decoding=\"async\" class=\"alignnone size-full wp-image-8050\" src=\"http:\/\/blog.liesdoch.de\/wp-content\/uploads\/2019\/08\/56058346n.jpg\" alt=\"\" width=\"242\" height=\"298\" \/><\/a><\/p>\n<p>Pedro Jarque Krebs, fragile, teNeues 2019, ISBN 978-3-96171-222-9<\/p>\n<p>&nbsp;<\/p>\n<p>Dieser schwergewichtige und opulente Bildband aus dem te Neues Verlag umfasst wunderbare und spektakul\u00e4re Fotografien von Pedro Jarque Krebs, einem der renommiertesten Tierfotografen der Welt, dessen Bilder seit 2014 schon weit \u00fcber 100 Auszeichnungen erhalten haben.<\/p>\n<p>&nbsp;<\/p>\n<p>Der Titel \u201efragile\u201c, den Krebs diesem wunderbaren Bildband gegeben hat, soll zum Ausdruck bringen, dass die Welt der meisten dieser abgebildeten Tiere angesichts der Tatsache, dass in den letzten 50 Jahren etwa 60% aller Arten weltweit ausgestorben sind, sehr zerbrechlich geworden ist. Auf diese Zerbrechlichkeit weist er mit seinen Bildern ausdr\u00fccklich hin, indem er jedes Tier, sei es Vogel, Reptil oder Raubkatze, in ihrer ganz eigenen Intimit\u00e4t darstellt. So entfernt er die Barrieren, die sich \u00fcber lange Zeit zwischen den Menschen und der Tierwelt aufgebaut haben.<\/p>\n<p>&nbsp;<\/p>\n<p>So sind Fotos entstanden von atemberaubender Sch\u00f6nheit. Sie sollen ihrem Betrachter eindrucksvoll vor Augen f\u00fchren, dass der Mensch nicht das Zentrum des Universums ist und der Schutz der Umwelt seine vielleicht wichtigste Aufgabe.<\/p>\n<p>&nbsp;<\/p>\n<p>Mit hat das Betrachten dieser Bilder so etwas wie Wehmut verursacht, denn man die Entwicklung ganz realistisch betrachtet, wird auch in Zukunft dem Artensterben kein wirklicher politischer und wirtschaftlicher Widerstand entgegengesetzt werden.<\/p>\n<p>&nbsp;<\/p>\n<p>&nbsp;<\/p>\n<p>&nbsp;<\/p>\n","protected":false},"excerpt":{"rendered":"<p>&nbsp; Pedro Jarque Krebs, fragile, teNeues 2019, ISBN 978-3-96171-222-9 &nbsp; Dieser schwergewichtige und opulente Bildband aus dem te Neues Verlag umfasst wunderbare und spektakul\u00e4re Fotografien von Pedro Jarque Krebs, einem der renommiertesten Tierfotografen der Welt, dessen Bilder seit 2014 schon weit \u00fcber 100 Auszeichnungen erhalten haben. &nbsp; Der Titel \u201efragile\u201c, den Krebs diesem wunderbaren Bildband &hellip; <a href=\"https:\/\/blog.liesdoch.de\/?p=8049\" class=\"more-link\"><span class=\"screen-reader-text\">fragile<\/span> weiterlesen <span class=\"meta-nav\">&rarr;<\/span><\/a><\/p>\n","protected":false},"author":6,"featured_media":0,"comment_status":"closed","ping_status":"open","sticky":false,"template":"","format":"standard","meta":{"footnotes":""},"categories":[1],"tags":[],"class_list":["post-8049","post","type-post","status-publish","format-standard","hentry","category-allgemein"],"_links":{"self":[{"href":"https:\/\/blog.liesdoch.de\/index.php?rest_route=\/wp\/v2\/posts\/8049","targetHints":{"allow":["GET"]}}],"collection":[{"href":"https:\/\/blog.liesdoch.de\/index.php?rest_route=\/wp\/v2\/posts"}],"about":[{"href":"https:\/\/blog.liesdoch.de\/index.php?rest_route=\/wp\/v2\/types\/post"}],"author":[{"embeddable":true,"href":"https:\/\/blog.liesdoch.de\/index.php?rest_route=\/wp\/v2\/users\/6"}],"replies":[{"embeddable":true,"href":"https:\/\/blog.liesdoch.de\/index.php?rest_route=%2Fwp%2Fv2%2Fcomments&post=8049"}],"version-history":[{"count":1,"href":"https:\/\/blog.liesdoch.de\/index.php?rest_route=\/wp\/v2\/posts\/8049\/revisions"}],"predecessor-version":[{"id":8051,"href":"https:\/\/blog.liesdoch.de\/index.php?rest_route=\/wp\/v2\/posts\/8049\/revisions\/8051"}],"wp:attachment":[{"href":"https:\/\/blog.liesdoch.de\/index.php?rest_route=%2Fwp%2Fv2%2Fmedia&parent=8049"}],"wp:term":[{"taxonomy":"category","embeddable":true,"href":"https:\/\/blog.liesdoch.de\/index.php?rest_route=%2Fwp%2Fv2%2Fcategories&post=8049"},{"taxonomy":"post_tag","embeddable":true,"href":"https:\/\/blog.liesdoch.de\/index.php?rest_route=%2Fwp%2Fv2%2Ftags&post=8049"}],"curies":[{"name":"wp","href":"https:\/\/api.w.org\/{rel}","templated":true}]}}