{"id":8058,"date":"2019-08-29T07:44:05","date_gmt":"2019-08-29T05:44:05","guid":{"rendered":"http:\/\/blog.liesdoch.de\/?p=8058"},"modified":"2019-08-29T07:44:05","modified_gmt":"2019-08-29T05:44:05","slug":"genau-richtig-die-kurze-geschichte-einer-langen-nacht-hoerbuch","status":"publish","type":"post","link":"https:\/\/blog.liesdoch.de\/?p=8058","title":{"rendered":"Genau richtig. Die kurze Geschichte einer langen Nacht (H\u00f6rbuch)"},"content":{"rendered":"<p>&nbsp;<\/p>\n<p>&nbsp;<\/p>\n<p>&nbsp;<\/p>\n<p>&nbsp;<\/p>\n<p>&nbsp;<\/p>\n<p><a href=\"http:\/\/blog.liesdoch.de\/wp-content\/uploads\/2019\/08\/55689359n.jpg\"><img loading=\"lazy\" decoding=\"async\" class=\"alignnone size-full wp-image-8059\" src=\"http:\/\/blog.liesdoch.de\/wp-content\/uploads\/2019\/08\/55689359n.jpg\" alt=\"\" width=\"242\" height=\"217\" \/><\/a><\/p>\n<p>Jostein Gaarder, Genau richtig. Die kurze Geschichte einer langen Nacht (H\u00f6rbuch) der H\u00f6rverlag 2019, ISBN 978-3-8445-3575-4<\/p>\n<p>&nbsp;<\/p>\n<p>Es ist der 23. April 2009. Der Ich-Erz\u00e4hler des neuen schmalen Buches von Jostein Gaarder hat von seiner \u00c4rztin und ehemaligen Geliebten Marianne eine niederschmetternde Diagnose erhalten.\u00a0 Albert leidet an ALS, einer unheilbaren Krankheit, die zu einem qualvollen Tod f\u00fchren wird.\u00a0 Seine Frau Eirin ist weit weg auf einem wissenschaftlichen Kongress in Australien, wo sie einen f\u00fcr sie wichtigen Vortrag halten wird.<\/p>\n<p>Um sich zu sammeln und um die f\u00fcr ihn wichtige Entscheidung zu treffen, ob er seinem Leben ein Ende setzen soll, bevor sein Leid beginnt und er anderen zur Last werden wird, f\u00e4hrt er in eine einsame Ferienh\u00fctte an einem Waldsee namens Glitrevik in Norwegen.\u00a0 Schon vor langer Zeit haben Albert und Eirin diese H\u00fctte von einem Bauern gekauft, nachdem sie als frisch Verliebte schon viel fr\u00fcher auf einer Wanderung auf der Suche nach einem Unterschlupf in diese H\u00fctte eingebrochen waren.<\/p>\n<p>&nbsp;<\/p>\n<p>Albert richtet sich notd\u00fcrftig in der H\u00fctte ein und beginnt in das aktuelle H\u00fcttenbuch zu schreiben. Zwei von ihnen haben Albert und seine Familie schon vollgeschrieben bei fr\u00fcheren regelm\u00e4\u00dfigen Aufenthalten.<\/p>\n<p>&nbsp;<\/p>\n<p>Er schreibt die ganze Nacht, um mit sich selbst und seiner Vergangenheit ins Reine zu kommen. Haupts\u00e4chlich aber geht er immer wieder der Frage nach, ob er seinem Leben noch in dieser Nacht ein Ende setzen soll, bevor es die Krankheit tun wird.<\/p>\n<p>&nbsp;<\/p>\n<p>Er erz\u00e4hlt dem H\u00fcttenbuch, wie er Eirin kennenlernte und wie sie als jung Verliebte in das M\u00e4rchenhaus einbrachen, das sie sp\u00e4ter gekauft haben. Wie dann seine Ehe zu kriseln begann, welche Rolle Sohn und Enkelin f\u00fcr ihn spielen und von seiner gro\u00dfen Begeisterung f\u00fcr die Astrophysik.<\/p>\n<p>&nbsp;<\/p>\n<p>Sein Text wird eine tiefgehende und ber\u00fchrende philosophische Reflexion \u00fcber die Momente, die genau richtig waren, im kosmischen Sinn und in seinem pers\u00f6nlichen Leben. Immer wieder entdeckt er bei seinen n\u00e4chtlichen Reflexionen Erlebnisse in seinem eigenen Leben, die r\u00fcckblickend gesehen, \u201egenau richtig\u201c gewesen sind. Momente in seinem bisherigen Leben, in dem er dem Menschen begegnet ist, der dann den n\u00e4chsten Schritt beeinflusst hat oder den weiteren Weg mit ihm zusammen ging.\u00a0 Hier entdeckt der von dieser Erz\u00e4hlung gebannte und bewegte Leser vieles, was in seinem eigenen Leben \u201egenau richtig\u201c gewesen ist.<\/p>\n<p>&nbsp;<\/p>\n<p>Der Leser folgt den Gedanken und Reflexionen Alberts durch eine lange Nacht, bis irgendwann ein Boot ohne Ruder auf dem Glitrevik treibt und ein Fremder in der D\u00e4mmerung erscheint. Genau richtig ?<\/p>\n<p>&nbsp;<\/p>\n<p>Lassen Sie sich von einem wunderbaren kleinen Buch und seinem \u00fcberraschenden Ende bezaubern und ber\u00fchren.<\/p>\n<p>&nbsp;<\/p>\n<p>Wieder ein gro\u00dfes philosophisches Buch von Jostein Gaarder, den unz\u00e4hlige Menschen \u00fcber mehrere Generationen von seinem Longseller \u201eSofies Welt\u201c kennen. Vielleicht ist \u201eGenau richtig\u201c der Anlass, \u201eSofies Welt\u201c noch einmal zur Hand zu nehmen.<\/p>\n<p>&nbsp;<\/p>\n<p>Der Schauspieler Thomas Loibl hat diese \u201ekurze Geschichte einer langen Nacht\u201c auf eine eindrucksvolle Weise f\u00fcr das vorliegende H\u00f6rbuch eingelesen.<\/p>\n<p>&nbsp;<\/p>\n<p>Er hat sich mit seiner Stimme und seinem ganzen Einsatz in die Reflexionen von Albert hineinversetzt und interpretiert sie auf eine Weise, die beim H\u00f6ren, mehr noch als beim Lesen, regelrecht unter die Haut geht. Diese vollst\u00e4ndige H\u00f6rbuchfassung ist ein gelungenes Beispiel daf\u00fcr, wie eine menschliche Stimme ein Buch zu einem ganz anderen unvergesslichen Erlebnis machen kann.<\/p>\n<p>&nbsp;<\/p>\n<p>&nbsp;<\/p>\n<p>&nbsp;<\/p>\n<p>&nbsp;<\/p>\n","protected":false},"excerpt":{"rendered":"<p>&nbsp; &nbsp; &nbsp; &nbsp; &nbsp; Jostein Gaarder, Genau richtig. Die kurze Geschichte einer langen Nacht (H\u00f6rbuch) der H\u00f6rverlag 2019, ISBN 978-3-8445-3575-4 &nbsp; Es ist der 23. April 2009. Der Ich-Erz\u00e4hler des neuen schmalen Buches von Jostein Gaarder hat von seiner \u00c4rztin und ehemaligen Geliebten Marianne eine niederschmetternde Diagnose erhalten.\u00a0 Albert leidet an ALS, einer unheilbaren &hellip; <a href=\"https:\/\/blog.liesdoch.de\/?p=8058\" class=\"more-link\"><span class=\"screen-reader-text\">Genau richtig. Die kurze Geschichte einer langen Nacht (H\u00f6rbuch)<\/span> weiterlesen <span class=\"meta-nav\">&rarr;<\/span><\/a><\/p>\n","protected":false},"author":6,"featured_media":0,"comment_status":"closed","ping_status":"open","sticky":false,"template":"","format":"standard","meta":{"footnotes":""},"categories":[1],"tags":[],"class_list":["post-8058","post","type-post","status-publish","format-standard","hentry","category-allgemein"],"_links":{"self":[{"href":"https:\/\/blog.liesdoch.de\/index.php?rest_route=\/wp\/v2\/posts\/8058","targetHints":{"allow":["GET"]}}],"collection":[{"href":"https:\/\/blog.liesdoch.de\/index.php?rest_route=\/wp\/v2\/posts"}],"about":[{"href":"https:\/\/blog.liesdoch.de\/index.php?rest_route=\/wp\/v2\/types\/post"}],"author":[{"embeddable":true,"href":"https:\/\/blog.liesdoch.de\/index.php?rest_route=\/wp\/v2\/users\/6"}],"replies":[{"embeddable":true,"href":"https:\/\/blog.liesdoch.de\/index.php?rest_route=%2Fwp%2Fv2%2Fcomments&post=8058"}],"version-history":[{"count":1,"href":"https:\/\/blog.liesdoch.de\/index.php?rest_route=\/wp\/v2\/posts\/8058\/revisions"}],"predecessor-version":[{"id":8060,"href":"https:\/\/blog.liesdoch.de\/index.php?rest_route=\/wp\/v2\/posts\/8058\/revisions\/8060"}],"wp:attachment":[{"href":"https:\/\/blog.liesdoch.de\/index.php?rest_route=%2Fwp%2Fv2%2Fmedia&parent=8058"}],"wp:term":[{"taxonomy":"category","embeddable":true,"href":"https:\/\/blog.liesdoch.de\/index.php?rest_route=%2Fwp%2Fv2%2Fcategories&post=8058"},{"taxonomy":"post_tag","embeddable":true,"href":"https:\/\/blog.liesdoch.de\/index.php?rest_route=%2Fwp%2Fv2%2Ftags&post=8058"}],"curies":[{"name":"wp","href":"https:\/\/api.w.org\/{rel}","templated":true}]}}