{"id":8064,"date":"2019-08-29T07:45:41","date_gmt":"2019-08-29T05:45:41","guid":{"rendered":"http:\/\/blog.liesdoch.de\/?p=8064"},"modified":"2019-08-29T07:45:41","modified_gmt":"2019-08-29T05:45:41","slug":"unverschaemt-katholisch-sein-anstiftungen","status":"publish","type":"post","link":"https:\/\/blog.liesdoch.de\/?p=8064","title":{"rendered":"Unversch\u00e4mt katholisch sein. Anstiftungen"},"content":{"rendered":"<p>&nbsp;<\/p>\n<p>&nbsp;<\/p>\n<p><a href=\"http:\/\/blog.liesdoch.de\/wp-content\/uploads\/2019\/08\/56535096n.jpg\"><img loading=\"lazy\" decoding=\"async\" class=\"alignnone size-medium wp-image-8065\" src=\"http:\/\/blog.liesdoch.de\/wp-content\/uploads\/2019\/08\/56535096n-180x300.jpg\" alt=\"\" width=\"180\" height=\"300\" srcset=\"https:\/\/blog.liesdoch.de\/wp-content\/uploads\/2019\/08\/56535096n-180x300.jpg 180w, https:\/\/blog.liesdoch.de\/wp-content\/uploads\/2019\/08\/56535096n.jpg 240w\" sizes=\"auto, (max-width: 180px) 100vw, 180px\" \/><\/a><\/p>\n<p>Bernd M\u00f6nkeb\u00fcscher, Unversch\u00e4mt katholisch sein. Anstiftungen, Echter Verlag 2019, ISBN 978-3-429-05413-7<\/p>\n<p>&nbsp;<\/p>\n<p>Der 1992 zum katholischen Priester geweihte Autor dieses kleinen, ermutigenden und erfrischenden B\u00fcchleins, der seit 2007 als Gemeindepfarrer in Hamm arbeitende Bernd M\u00f6nkeb\u00fcscher hat darin versucht, mit kurzen als\u00a0 \u201eAnstiftungen\u201c\u00a0 verstandenen Texten zu beschreiben, warum er es nach wie vor und heute erst recht f\u00fcr richtig h\u00e4lt, \u201eunversch\u00e4mt katholisch\u201c zu sein.<\/p>\n<p>&nbsp;<\/p>\n<p>Mit vielen Beispielen aus den Erfahrungen seiner eigenen Pastoral und Lesefr\u00fcchten versehen, will er zeigen, als Kirche heute sein k\u00f6nnte. N\u00e4mlich eine Gemeinschaft derer, die das was nach Lust riecht, nicht mehr argw\u00f6hnisch be\u00e4ugen, sondern die Leichtigkeit und die Freude des Lebens annehmen und bejahen.<\/p>\n<p>&nbsp;<\/p>\n<p>Kirche, wie er sie sich vorstellt, soll sich leidenschaftlich an die Seite aller Liebenden stellen und an die Seite aller Leidenden, einfach indem sie ihnen \u201eins Leben hilft.\u201c<\/p>\n<p>&nbsp;<\/p>\n<p>Er sagt am Ende zusammenfassend und auf eine \u00fcberzeugende und sympathische Weise einladend:<\/p>\n<p>\u201eIch m\u00f6chte endlich unversch\u00e4mt katholisch sein, stolz darauf, zu einer Kirche zu geh\u00f6ren, die sich nichts und niemandem verschlie\u00dft; die offen ist f\u00fcr jede und\u00a0 jeden, die nicht verurteilt, ausgrenzt, ausschlie\u00dft.\u201c<\/p>\n<p>&nbsp;<\/p>\n<p>Ja, mit solchen Priestern und Bisch\u00f6fen k\u00f6nnte die Kirche wieder f\u00fcr mehr Menschen eine Heimat werden und bleiben.<\/p>\n<p>&nbsp;<\/p>\n<p>&nbsp;<\/p>\n","protected":false},"excerpt":{"rendered":"<p>&nbsp; &nbsp; Bernd M\u00f6nkeb\u00fcscher, Unversch\u00e4mt katholisch sein. Anstiftungen, Echter Verlag 2019, ISBN 978-3-429-05413-7 &nbsp; Der 1992 zum katholischen Priester geweihte Autor dieses kleinen, ermutigenden und erfrischenden B\u00fcchleins, der seit 2007 als Gemeindepfarrer in Hamm arbeitende Bernd M\u00f6nkeb\u00fcscher hat darin versucht, mit kurzen als\u00a0 \u201eAnstiftungen\u201c\u00a0 verstandenen Texten zu beschreiben, warum er es nach wie vor und &hellip; <a href=\"https:\/\/blog.liesdoch.de\/?p=8064\" class=\"more-link\"><span class=\"screen-reader-text\">Unversch\u00e4mt katholisch sein. Anstiftungen<\/span> weiterlesen <span class=\"meta-nav\">&rarr;<\/span><\/a><\/p>\n","protected":false},"author":6,"featured_media":0,"comment_status":"closed","ping_status":"open","sticky":false,"template":"","format":"standard","meta":{"footnotes":""},"categories":[1],"tags":[],"class_list":["post-8064","post","type-post","status-publish","format-standard","hentry","category-allgemein"],"_links":{"self":[{"href":"https:\/\/blog.liesdoch.de\/index.php?rest_route=\/wp\/v2\/posts\/8064","targetHints":{"allow":["GET"]}}],"collection":[{"href":"https:\/\/blog.liesdoch.de\/index.php?rest_route=\/wp\/v2\/posts"}],"about":[{"href":"https:\/\/blog.liesdoch.de\/index.php?rest_route=\/wp\/v2\/types\/post"}],"author":[{"embeddable":true,"href":"https:\/\/blog.liesdoch.de\/index.php?rest_route=\/wp\/v2\/users\/6"}],"replies":[{"embeddable":true,"href":"https:\/\/blog.liesdoch.de\/index.php?rest_route=%2Fwp%2Fv2%2Fcomments&post=8064"}],"version-history":[{"count":1,"href":"https:\/\/blog.liesdoch.de\/index.php?rest_route=\/wp\/v2\/posts\/8064\/revisions"}],"predecessor-version":[{"id":8066,"href":"https:\/\/blog.liesdoch.de\/index.php?rest_route=\/wp\/v2\/posts\/8064\/revisions\/8066"}],"wp:attachment":[{"href":"https:\/\/blog.liesdoch.de\/index.php?rest_route=%2Fwp%2Fv2%2Fmedia&parent=8064"}],"wp:term":[{"taxonomy":"category","embeddable":true,"href":"https:\/\/blog.liesdoch.de\/index.php?rest_route=%2Fwp%2Fv2%2Fcategories&post=8064"},{"taxonomy":"post_tag","embeddable":true,"href":"https:\/\/blog.liesdoch.de\/index.php?rest_route=%2Fwp%2Fv2%2Ftags&post=8064"}],"curies":[{"name":"wp","href":"https:\/\/api.w.org\/{rel}","templated":true}]}}