{"id":8094,"date":"2019-08-30T16:14:17","date_gmt":"2019-08-30T14:14:17","guid":{"rendered":"http:\/\/blog.liesdoch.de\/?p=8094"},"modified":"2019-08-30T16:14:17","modified_gmt":"2019-08-30T14:14:17","slug":"volksmusik","status":"publish","type":"post","link":"https:\/\/blog.liesdoch.de\/?p=8094","title":{"rendered":"Volksmusik"},"content":{"rendered":"<p>&nbsp;<\/p>\n<p>&nbsp;<\/p>\n<p><a href=\"http:\/\/blog.liesdoch.de\/wp-content\/uploads\/2019\/08\/45041742n.jpg\"><img loading=\"lazy\" decoding=\"async\" class=\"alignnone size-medium wp-image-8095\" src=\"http:\/\/blog.liesdoch.de\/wp-content\/uploads\/2019\/08\/45041742n-234x300.jpg\" alt=\"\" width=\"234\" height=\"300\" srcset=\"https:\/\/blog.liesdoch.de\/wp-content\/uploads\/2019\/08\/45041742n-234x300.jpg 234w, https:\/\/blog.liesdoch.de\/wp-content\/uploads\/2019\/08\/45041742n.jpg 242w\" sizes=\"auto, (max-width: 234px) 100vw, 234px\" \/><\/a><\/p>\n<p>Lois Hechenblaikner, Volksmusik, Steidl Verlag 2019, ISBN 978-3-95829-175-1<\/p>\n<p>&nbsp;<\/p>\n<p>Lois Hechenblaikner fotografiert seit zwanzig Jahren die Fans der volkst\u00fcmlichen Musikszene \u00d6sterreichs und S\u00fcdtirols. Daf\u00fcr hat er weit mehr als einhundert Volksmusik-Feste und Open-Air-Konzerte besucht und an Fanwanderungen teilgenommen.<\/p>\n<p>&nbsp;<\/p>\n<p>Dabei\u00a0 gilt sein Hauptaugenmerk nicht etwa den mehr oder weniger ber\u00fchmten Musikern, sondern was ihn\u00a0 interessiert sind die\u00a0 Menschen, die sich oft auf weite Reisen begeben und keinen Aufwand scheuen, um ihren Idolen nahe zu sein.<\/p>\n<p>&nbsp;<\/p>\n<p>Im Publikum der volkst\u00fcmlichen Musikszene spiegelt sich eine soziale Flora, die der Soziologe Gerhard Schulze als \u00bbHarmoniemilieu\u00ab beschreibt: Die Sehnsucht nach einer heilen Welt wird zur st\u00e4rksten und einzigen Triebkraft. Es geht um Geborgenheit und darum, zumindest f\u00fcr ein paar Stunden all den Problemen und Niederlagen des Lebens zu entkommen.<\/p>\n<p>&nbsp;<\/p>\n<p>In einem langen in dem Buch abgedruckten Interview des Fotografen mit einem Hansi Hinterseer \u2013Fan werden diese Bed\u00fcrfnisse eindr\u00fccklich deutlich. Weitere kurze Essays am Anfang des Buches von Martin Hochleitner, Wolfgang Ulrich und Hans Weil ordnen das Gesamtph\u00e4nomen \u201eVolksmusik\u201c soziologisch und sozialpsychologisch ein.<br \/>\nIn dem vorliegenden Bildband l\u00e4sst Lois Hechenblaikner mit den M\u00f6glichkeiten der Gro\u00dfformatfotografie eine Typologie des Publikums der volkst\u00fcmlichen Musikszene entstehen. Er dokumentiert Gesichtsausdr\u00fccke, Gestik und Kleidung der verschiedenen Protagonisten, f\u00e4ngt reichlich skurrile Momente ein. Niemals jedoch machen sich seine Bilder \u00fcber die abgebildeten Menschen lustig oder verunglimpfen sie.<\/p>\n<p>&nbsp;<\/p>\n<p>Im Gegenteil seine eindrucksvollen Fotografien machen Mentalit\u00e4ten sichtbar und erz\u00e4hlen regelrecht ganze Lebensl\u00e4ufe von Fans der Volksmusik.<\/p>\n<p>&nbsp;<\/p>\n<p>&nbsp;<\/p>\n<p>&nbsp;<\/p>\n","protected":false},"excerpt":{"rendered":"<p>&nbsp; &nbsp; Lois Hechenblaikner, Volksmusik, Steidl Verlag 2019, ISBN 978-3-95829-175-1 &nbsp; Lois Hechenblaikner fotografiert seit zwanzig Jahren die Fans der volkst\u00fcmlichen Musikszene \u00d6sterreichs und S\u00fcdtirols. Daf\u00fcr hat er weit mehr als einhundert Volksmusik-Feste und Open-Air-Konzerte besucht und an Fanwanderungen teilgenommen. &nbsp; Dabei\u00a0 gilt sein Hauptaugenmerk nicht etwa den mehr oder weniger ber\u00fchmten Musikern, sondern was &hellip; <a href=\"https:\/\/blog.liesdoch.de\/?p=8094\" class=\"more-link\"><span class=\"screen-reader-text\">Volksmusik<\/span> weiterlesen <span class=\"meta-nav\">&rarr;<\/span><\/a><\/p>\n","protected":false},"author":6,"featured_media":0,"comment_status":"closed","ping_status":"open","sticky":false,"template":"","format":"standard","meta":{"footnotes":""},"categories":[1],"tags":[],"class_list":["post-8094","post","type-post","status-publish","format-standard","hentry","category-allgemein"],"_links":{"self":[{"href":"https:\/\/blog.liesdoch.de\/index.php?rest_route=\/wp\/v2\/posts\/8094","targetHints":{"allow":["GET"]}}],"collection":[{"href":"https:\/\/blog.liesdoch.de\/index.php?rest_route=\/wp\/v2\/posts"}],"about":[{"href":"https:\/\/blog.liesdoch.de\/index.php?rest_route=\/wp\/v2\/types\/post"}],"author":[{"embeddable":true,"href":"https:\/\/blog.liesdoch.de\/index.php?rest_route=\/wp\/v2\/users\/6"}],"replies":[{"embeddable":true,"href":"https:\/\/blog.liesdoch.de\/index.php?rest_route=%2Fwp%2Fv2%2Fcomments&post=8094"}],"version-history":[{"count":1,"href":"https:\/\/blog.liesdoch.de\/index.php?rest_route=\/wp\/v2\/posts\/8094\/revisions"}],"predecessor-version":[{"id":8096,"href":"https:\/\/blog.liesdoch.de\/index.php?rest_route=\/wp\/v2\/posts\/8094\/revisions\/8096"}],"wp:attachment":[{"href":"https:\/\/blog.liesdoch.de\/index.php?rest_route=%2Fwp%2Fv2%2Fmedia&parent=8094"}],"wp:term":[{"taxonomy":"category","embeddable":true,"href":"https:\/\/blog.liesdoch.de\/index.php?rest_route=%2Fwp%2Fv2%2Fcategories&post=8094"},{"taxonomy":"post_tag","embeddable":true,"href":"https:\/\/blog.liesdoch.de\/index.php?rest_route=%2Fwp%2Fv2%2Ftags&post=8094"}],"curies":[{"name":"wp","href":"https:\/\/api.w.org\/{rel}","templated":true}]}}