{"id":8130,"date":"2019-09-04T08:05:53","date_gmt":"2019-09-04T06:05:53","guid":{"rendered":"http:\/\/blog.liesdoch.de\/?p=8130"},"modified":"2019-09-04T08:05:53","modified_gmt":"2019-09-04T06:05:53","slug":"verborgene-schaetze-buch-kalender-2020","status":"publish","type":"post","link":"https:\/\/blog.liesdoch.de\/?p=8130","title":{"rendered":"Verborgene Sch\u00e4tze. Buch-Kalender 2020"},"content":{"rendered":"<p>&nbsp;<\/p>\n<p>&nbsp;<\/p>\n<p>&nbsp;<\/p>\n<p><a href=\"http:\/\/blog.liesdoch.de\/wp-content\/uploads\/2019\/09\/54409213n.jpg\"><img loading=\"lazy\" decoding=\"async\" class=\"alignnone size-medium wp-image-8131\" src=\"http:\/\/blog.liesdoch.de\/wp-content\/uploads\/2019\/09\/54409213n-193x300.jpg\" alt=\"\" width=\"193\" height=\"300\" srcset=\"https:\/\/blog.liesdoch.de\/wp-content\/uploads\/2019\/09\/54409213n-193x300.jpg 193w, https:\/\/blog.liesdoch.de\/wp-content\/uploads\/2019\/09\/54409213n.jpg 242w\" sizes=\"auto, (max-width: 193px) 100vw, 193px\" \/><\/a><\/p>\n<p>Paulo Coelho, Verborgene Sch\u00e4tze. Buch-Kalender 2020, Diogenes 2019, ISBN 978-3-257-51078-2<\/p>\n<p>&nbsp;<\/p>\n<p>&nbsp;<\/p>\n<p>Zum wiederholten Mal gibt der Diogenes Verlag einen Buchkalender seines wohl verkaufsst\u00e4rksten Autors Paulo Coelho heraus. Es soll ein inspirierender Begleiter durch das Jahr sein \u2013 gleichsam ein Tage-Buch mit Ausz\u00fcgen aus der Gedankenwelt eines Autors, der zu meistgelesenen Autoren der Gegenwart z\u00e4hlt und dessen Romane in den letzten Jahren bei der Kritik bei weitem nicht mehr auf so ein ungeteiltes positives Echo sto\u00dfen, wie seine fr\u00fcheren.<\/p>\n<p>&nbsp;<\/p>\n<p>Auch in diesem Jahr hat die kolumbianische K\u00fcnstlerin Catalina Estrada dieses Kalender illustriert und sich dabei von der \u00fcppigen Natur ihres Heimatlandes inspirieren lassen. Aus den Bildern der in Barcelona lebenden K\u00fcnstlerin spricht immer wieder ein staunender Blick auf die Welt.<\/p>\n<p>&nbsp;<\/p>\n<p>Die einzelnen Monate stehen jeweils unter einem Begriff und pro Woche ist auf dem unteren Seitenteil jeweils ein Nachdenkens werter Satz aus einem der B\u00fccher Coelhos zu lesen.<\/p>\n<p>&nbsp;<\/p>\n<p>F\u00fcr die Freunde von dessen B\u00fcchern ist dieser Kalender ein willkommener Begleiter durch das Jahr, und vielleicht auch Anlass, eines der \u00e4lteren B\u00fcchern Coelhos, aus dem auch immer wieder zitiert wird, noch einmal zu lesen.<\/p>\n<p>&nbsp;<\/p>\n","protected":false},"excerpt":{"rendered":"<p>&nbsp; &nbsp; &nbsp; Paulo Coelho, Verborgene Sch\u00e4tze. Buch-Kalender 2020, Diogenes 2019, ISBN 978-3-257-51078-2 &nbsp; &nbsp; Zum wiederholten Mal gibt der Diogenes Verlag einen Buchkalender seines wohl verkaufsst\u00e4rksten Autors Paulo Coelho heraus. Es soll ein inspirierender Begleiter durch das Jahr sein \u2013 gleichsam ein Tage-Buch mit Ausz\u00fcgen aus der Gedankenwelt eines Autors, der zu meistgelesenen Autoren &hellip; <a href=\"https:\/\/blog.liesdoch.de\/?p=8130\" class=\"more-link\"><span class=\"screen-reader-text\">Verborgene Sch\u00e4tze. Buch-Kalender 2020<\/span> weiterlesen <span class=\"meta-nav\">&rarr;<\/span><\/a><\/p>\n","protected":false},"author":6,"featured_media":0,"comment_status":"closed","ping_status":"open","sticky":false,"template":"","format":"standard","meta":{"footnotes":""},"categories":[1],"tags":[],"class_list":["post-8130","post","type-post","status-publish","format-standard","hentry","category-allgemein"],"_links":{"self":[{"href":"https:\/\/blog.liesdoch.de\/index.php?rest_route=\/wp\/v2\/posts\/8130","targetHints":{"allow":["GET"]}}],"collection":[{"href":"https:\/\/blog.liesdoch.de\/index.php?rest_route=\/wp\/v2\/posts"}],"about":[{"href":"https:\/\/blog.liesdoch.de\/index.php?rest_route=\/wp\/v2\/types\/post"}],"author":[{"embeddable":true,"href":"https:\/\/blog.liesdoch.de\/index.php?rest_route=\/wp\/v2\/users\/6"}],"replies":[{"embeddable":true,"href":"https:\/\/blog.liesdoch.de\/index.php?rest_route=%2Fwp%2Fv2%2Fcomments&post=8130"}],"version-history":[{"count":1,"href":"https:\/\/blog.liesdoch.de\/index.php?rest_route=\/wp\/v2\/posts\/8130\/revisions"}],"predecessor-version":[{"id":8132,"href":"https:\/\/blog.liesdoch.de\/index.php?rest_route=\/wp\/v2\/posts\/8130\/revisions\/8132"}],"wp:attachment":[{"href":"https:\/\/blog.liesdoch.de\/index.php?rest_route=%2Fwp%2Fv2%2Fmedia&parent=8130"}],"wp:term":[{"taxonomy":"category","embeddable":true,"href":"https:\/\/blog.liesdoch.de\/index.php?rest_route=%2Fwp%2Fv2%2Fcategories&post=8130"},{"taxonomy":"post_tag","embeddable":true,"href":"https:\/\/blog.liesdoch.de\/index.php?rest_route=%2Fwp%2Fv2%2Ftags&post=8130"}],"curies":[{"name":"wp","href":"https:\/\/api.w.org\/{rel}","templated":true}]}}