{"id":8145,"date":"2019-09-05T16:35:53","date_gmt":"2019-09-05T14:35:53","guid":{"rendered":"http:\/\/blog.liesdoch.de\/?p=8145"},"modified":"2019-09-05T16:35:53","modified_gmt":"2019-09-05T14:35:53","slug":"boris-und-der-ruf-des-wassers","status":"publish","type":"post","link":"https:\/\/blog.liesdoch.de\/?p=8145","title":{"rendered":"Boris und der Ruf des Wassers"},"content":{"rendered":"<p>&nbsp;<\/p>\n<p>&nbsp;<\/p>\n<p>&nbsp;<\/p>\n<p><a href=\"http:\/\/blog.liesdoch.de\/wp-content\/uploads\/2019\/09\/50248557n.jpg\"><img loading=\"lazy\" decoding=\"async\" class=\"alignnone size-medium wp-image-8146\" src=\"http:\/\/blog.liesdoch.de\/wp-content\/uploads\/2019\/09\/50248557n-217x300.jpg\" alt=\"\" width=\"217\" height=\"300\" srcset=\"https:\/\/blog.liesdoch.de\/wp-content\/uploads\/2019\/09\/50248557n-217x300.jpg 217w, https:\/\/blog.liesdoch.de\/wp-content\/uploads\/2019\/09\/50248557n.jpg 242w\" sizes=\"auto, (max-width: 217px) 100vw, 217px\" \/><\/a><\/p>\n<p>Davide Cali, Marco Soma, Boris und der Ruf des Wassers, Carl-Auer Verlag 2018, ISBN 978-3-8497-0207-6<\/p>\n<p>&nbsp;<\/p>\n<p>Jedes Kind stellt sich, wenn es heranw\u00e4chst, irgendwann einmal die Frage und setzt sich mit ihr auseinander: wer bin ich eigentlich? Wo komme ich her und wo geh\u00f6re ich hin? Und nicht selten sp\u00fcrt es den Zweifel: wo will ich \u00fcberhaupt dazu geh\u00f6ren?<\/p>\n<p>&nbsp;<\/p>\n<p>Ich kann mich aus meiner eigenen Kindheit an solche Gef\u00fchle erinnern, als mir die anderen Familienmitglieder zeitweise vorkamen wie Fremde.<\/p>\n<p>&nbsp;<\/p>\n<p>Die von Marco Soma farbenpr\u00e4chtig illustrierte kleine Geschichte von Davide Cali thematisiert solche Gef\u00fchle und formuliert zwischen den Zeilen als Parabel auf das Wesen und die Bedeutung von Familie die Frage: \u201eWie sehr m\u00fcssen uns die Menschen gleichen, die wir lieben?\u201c<\/p>\n<p>&nbsp;<\/p>\n<p>Boris, um den es in diesem Bilderbuch f\u00fcr Kinder ab sechs Jahren geht, ist ein angenommenes Kind. Fr\u00fcher nannte man das Findelkind. Tats\u00e4chlich finden seine Eltern, die keine eigenen Kinder bekommen k\u00f6nnen, bei einem Ausflug ins Gr\u00fcne an einem Teich ein Neugeborenes, das sie Boris nennen. Dass Boris Kiemen hat wie ein Fisch, st\u00f6rt sie nicht.<\/p>\n<p>&nbsp;<\/p>\n<p>Boris w\u00e4chst ohne Probleme bei seinen Eltern auf. Sie lieben ihn sehr. Doch innerlich wird er immer unruhiger und fragt sich oft, ob er wirklich gl\u00fccklich ist. Nach einigen Jahren indes weht ihn eines Tages ein eigenartiger Geruch an, der in ihm Sehnsucht und Traurigkeit weckt. Er folgt dem Geruch und kommt zu dem Teich.<\/p>\n<p>&nbsp;<\/p>\n<p>Nun f\u00fchlt er sich wohl und glaubt nun seine wahre Familie gefunden zu haben. Doch nach einiger Zeit sehnt er sich wieder nach seinem anderen Zuhause. Er f\u00fchlt sich allein und sinkt in die Tiefe, ist v\u00f6llig ohne Halt.<\/p>\n<p>&nbsp;<\/p>\n<p>Da fallen ihm wieder seine Eltern ein. Sie haben ihm die ganze Zeit ihre Liebe gegeben und die Bindung zu ihm aufrechtgehalten. Sie haben ihn nicht festgehalten, sondern ihm immer vermittelt: \u201eWenn du dort, wo du bist, gl\u00fccklich bist, dann sind wir es auch!\u201c<br \/>\n&nbsp;<\/p>\n<p>Und er macht sich zur\u00fcck in die Stadt.<\/p>\n<p>&nbsp;<\/p>\n<p>Christel Rech-Simon, die am Ende des Buches unter dem Titel \u201eHeilende Geschichten\u201c Hinweise f\u00fcr Eltern, Erzieher und Vorleser gibt, nennt das Bilderbuch \u201eein Buch \u00fcber Integration, Selbstfindung, Identit\u00e4t, Heimat, Angst vor Fremden, Loslassen, Festhalten, Verlassen und Verlassenwerden und \u2026 Liebe.\u201c<\/p>\n<p>&nbsp;<\/p>\n<p>Das Bilderbuch erschlie\u00dft sich nicht gleich, verst\u00f6rt zun\u00e4chst und strahlt seine Botschaft erst nach mehrmaligem Lesen (Vorlesen) dann umso intensiver aus.<\/p>\n<p>&nbsp;<\/p>\n<p>Eine Parabel \u00fcber das Wesen und die Bedeutung von Familie.<\/p>\n<p>&nbsp;<\/p>\n<p>&nbsp;<\/p>\n<p>&nbsp;<\/p>\n<p>&nbsp;<\/p>\n","protected":false},"excerpt":{"rendered":"<p>&nbsp; &nbsp; &nbsp; Davide Cali, Marco Soma, Boris und der Ruf des Wassers, Carl-Auer Verlag 2018, ISBN 978-3-8497-0207-6 &nbsp; Jedes Kind stellt sich, wenn es heranw\u00e4chst, irgendwann einmal die Frage und setzt sich mit ihr auseinander: wer bin ich eigentlich? Wo komme ich her und wo geh\u00f6re ich hin? Und nicht selten sp\u00fcrt es den &hellip; <a href=\"https:\/\/blog.liesdoch.de\/?p=8145\" class=\"more-link\"><span class=\"screen-reader-text\">Boris und der Ruf des Wassers<\/span> weiterlesen <span class=\"meta-nav\">&rarr;<\/span><\/a><\/p>\n","protected":false},"author":6,"featured_media":0,"comment_status":"closed","ping_status":"open","sticky":false,"template":"","format":"standard","meta":{"footnotes":""},"categories":[1],"tags":[],"class_list":["post-8145","post","type-post","status-publish","format-standard","hentry","category-allgemein"],"_links":{"self":[{"href":"https:\/\/blog.liesdoch.de\/index.php?rest_route=\/wp\/v2\/posts\/8145","targetHints":{"allow":["GET"]}}],"collection":[{"href":"https:\/\/blog.liesdoch.de\/index.php?rest_route=\/wp\/v2\/posts"}],"about":[{"href":"https:\/\/blog.liesdoch.de\/index.php?rest_route=\/wp\/v2\/types\/post"}],"author":[{"embeddable":true,"href":"https:\/\/blog.liesdoch.de\/index.php?rest_route=\/wp\/v2\/users\/6"}],"replies":[{"embeddable":true,"href":"https:\/\/blog.liesdoch.de\/index.php?rest_route=%2Fwp%2Fv2%2Fcomments&post=8145"}],"version-history":[{"count":1,"href":"https:\/\/blog.liesdoch.de\/index.php?rest_route=\/wp\/v2\/posts\/8145\/revisions"}],"predecessor-version":[{"id":8147,"href":"https:\/\/blog.liesdoch.de\/index.php?rest_route=\/wp\/v2\/posts\/8145\/revisions\/8147"}],"wp:attachment":[{"href":"https:\/\/blog.liesdoch.de\/index.php?rest_route=%2Fwp%2Fv2%2Fmedia&parent=8145"}],"wp:term":[{"taxonomy":"category","embeddable":true,"href":"https:\/\/blog.liesdoch.de\/index.php?rest_route=%2Fwp%2Fv2%2Fcategories&post=8145"},{"taxonomy":"post_tag","embeddable":true,"href":"https:\/\/blog.liesdoch.de\/index.php?rest_route=%2Fwp%2Fv2%2Ftags&post=8145"}],"curies":[{"name":"wp","href":"https:\/\/api.w.org\/{rel}","templated":true}]}}