{"id":8152,"date":"2019-09-05T16:39:54","date_gmt":"2019-09-05T14:39:54","guid":{"rendered":"http:\/\/blog.liesdoch.de\/?p=8152"},"modified":"2019-09-05T16:39:54","modified_gmt":"2019-09-05T14:39:54","slug":"der-zauberlehrling-2","status":"publish","type":"post","link":"https:\/\/blog.liesdoch.de\/?p=8152","title":{"rendered":"Der Zauberlehrling"},"content":{"rendered":"<p>&nbsp;<\/p>\n<p>&nbsp;<\/p>\n<p>&nbsp;<\/p>\n<p><a href=\"http:\/\/blog.liesdoch.de\/wp-content\/uploads\/2019\/09\/56142000n.jpg\"><img loading=\"lazy\" decoding=\"async\" class=\"alignnone size-full wp-image-8153\" src=\"http:\/\/blog.liesdoch.de\/wp-content\/uploads\/2019\/09\/56142000n.jpg\" alt=\"\" width=\"242\" height=\"225\" \/><\/a><\/p>\n<p>Gerda Muller, Der Zauberlehrling, Moritz Verlag 2019, ISBN 978-.3-89565-378-0<\/p>\n<p>&nbsp;<\/p>\n<p>Man nennt sie die Grande Dame der europ\u00e4ischen Illustration, die 1926 in den Niederlanden geborene\u00a0 Gerda Muller, die leidenschaftlich gerne B\u00fccher f\u00fcr Kinder schreibt und illustriert und die mehrfach f\u00fcr ihre Bilderb\u00fccher ausgezeichnet wurde. Der Moritz Verlag hat schon viele ihrer wunderbaren B\u00fccher ver\u00f6ffentlicht, zuletzt 2018 \u201eUnser Baum\u201c.<\/p>\n<p>&nbsp;<\/p>\n<p>F\u00fcr das vorliegende Bilderbuch hat sich Gerda Muller von Goethes Gedicht vom Zauberlehrling inspirieren lassen und es erweitert. Diese Geschichte vom Bauernsohn Florian, so schildert sie es in der Rahmenhandlung, habe Goethe erst zu seiner Ballade inspiriert. Wie auch immer.<\/p>\n<p>&nbsp;<\/p>\n<p>Florian ist von zu Hause aufgebrochen. Er ist ganz allein. Seine Eltern sind gestorben und er hat keine Familie mehr. In der Fremde will er sich eine Lehrstelle suchen um sein Leben in die eigenen H\u00e4nde zu nehmen.<\/p>\n<p>&nbsp;<\/p>\n<p>Auf dem Weg trifft er den Zauberer und Wunderheiler Sigiswald. Der sucht gerade jemand, der ihm in seinem Labor hilft und nimmt Florian auf. Vom diesen Zauberer lernt der Junge lesen, schreiben und rechnen.<\/p>\n<p>&nbsp;<\/p>\n<p>Daf\u00fcr muss Florian ihm versprechen niemals ohne den Meister eine von ihm gelernte Zauberformel zu gebrauchen. Doch irgendwann setzt sich Florian \u00fcber den Willen des Meisters hinweg. Aus Bequemlichkeit verzaubert er Besen, die dann f\u00fcr ihn\u00a0 das Wasser vom Brunnen holen. Sie h\u00f6ren nicht auf damit und Florian kann ihn keinen Einhalt gebieten. Das ganze Dorf droht im Schlamm unterzugehen. Da kommt der Meister und kann mit einem Zauberspruch die Besen zur\u00fcckverwandeln in ihre urspr\u00fcngliche Gestalt.<\/p>\n<p>&nbsp;<\/p>\n<p>Sigiswald ist w\u00fctend, will seinen Lehrling wegschicken. Der bettelt um sein Bleiben und wird zum Putzen und Aufr\u00e4umen des Schadens verdonnert.<\/p>\n<p>\u201eUnd mit der Zeit wurde er ein ebenso weiser Zauberer und Wunderheiler wie sein Meister. Oder beinahe.\u201c<\/p>\n<p>&nbsp;<\/p>\n<p>Die Ballade von Goethe ist am Ende des Buches abgedruckt. Gerda Muller hat in Wort und Bild eine wunderbare Interpretation von ihr geschaffen.<\/p>\n<p>Goethes ber\u00fchmte Ballade verwandelt in ein Bilderbuch.<\/p>\n<p>&nbsp;<\/p>\n<p>&nbsp;<\/p>\n<p>&nbsp;<\/p>\n","protected":false},"excerpt":{"rendered":"<p>&nbsp; &nbsp; &nbsp; Gerda Muller, Der Zauberlehrling, Moritz Verlag 2019, ISBN 978-.3-89565-378-0 &nbsp; Man nennt sie die Grande Dame der europ\u00e4ischen Illustration, die 1926 in den Niederlanden geborene\u00a0 Gerda Muller, die leidenschaftlich gerne B\u00fccher f\u00fcr Kinder schreibt und illustriert und die mehrfach f\u00fcr ihre Bilderb\u00fccher ausgezeichnet wurde. Der Moritz Verlag hat schon viele ihrer wunderbaren &hellip; <a href=\"https:\/\/blog.liesdoch.de\/?p=8152\" class=\"more-link\"><span class=\"screen-reader-text\">Der Zauberlehrling<\/span> weiterlesen <span class=\"meta-nav\">&rarr;<\/span><\/a><\/p>\n","protected":false},"author":6,"featured_media":0,"comment_status":"closed","ping_status":"open","sticky":false,"template":"","format":"standard","meta":{"footnotes":""},"categories":[1],"tags":[],"class_list":["post-8152","post","type-post","status-publish","format-standard","hentry","category-allgemein"],"_links":{"self":[{"href":"https:\/\/blog.liesdoch.de\/index.php?rest_route=\/wp\/v2\/posts\/8152","targetHints":{"allow":["GET"]}}],"collection":[{"href":"https:\/\/blog.liesdoch.de\/index.php?rest_route=\/wp\/v2\/posts"}],"about":[{"href":"https:\/\/blog.liesdoch.de\/index.php?rest_route=\/wp\/v2\/types\/post"}],"author":[{"embeddable":true,"href":"https:\/\/blog.liesdoch.de\/index.php?rest_route=\/wp\/v2\/users\/6"}],"replies":[{"embeddable":true,"href":"https:\/\/blog.liesdoch.de\/index.php?rest_route=%2Fwp%2Fv2%2Fcomments&post=8152"}],"version-history":[{"count":1,"href":"https:\/\/blog.liesdoch.de\/index.php?rest_route=\/wp\/v2\/posts\/8152\/revisions"}],"predecessor-version":[{"id":8154,"href":"https:\/\/blog.liesdoch.de\/index.php?rest_route=\/wp\/v2\/posts\/8152\/revisions\/8154"}],"wp:attachment":[{"href":"https:\/\/blog.liesdoch.de\/index.php?rest_route=%2Fwp%2Fv2%2Fmedia&parent=8152"}],"wp:term":[{"taxonomy":"category","embeddable":true,"href":"https:\/\/blog.liesdoch.de\/index.php?rest_route=%2Fwp%2Fv2%2Fcategories&post=8152"},{"taxonomy":"post_tag","embeddable":true,"href":"https:\/\/blog.liesdoch.de\/index.php?rest_route=%2Fwp%2Fv2%2Ftags&post=8152"}],"curies":[{"name":"wp","href":"https:\/\/api.w.org\/{rel}","templated":true}]}}