{"id":8162,"date":"2019-09-10T08:10:24","date_gmt":"2019-09-10T06:10:24","guid":{"rendered":"http:\/\/blog.liesdoch.de\/?p=8162"},"modified":"2019-09-10T08:10:24","modified_gmt":"2019-09-10T06:10:24","slug":"1989-in-deutschland-schauplaetze-der-friedlichen-revolution","status":"publish","type":"post","link":"https:\/\/blog.liesdoch.de\/?p=8162","title":{"rendered":"1989 in Deutschland. Schaupl\u00e4tze der friedlichen Revolution"},"content":{"rendered":"<p>&nbsp;<\/p>\n<p>&nbsp;<\/p>\n<p><a href=\"http:\/\/blog.liesdoch.de\/wp-content\/uploads\/2019\/09\/54699101n.jpg\"><img loading=\"lazy\" decoding=\"async\" class=\"alignnone size-medium wp-image-8163\" src=\"http:\/\/blog.liesdoch.de\/wp-content\/uploads\/2019\/09\/54699101n-193x300.jpg\" alt=\"\" width=\"193\" height=\"300\" srcset=\"https:\/\/blog.liesdoch.de\/wp-content\/uploads\/2019\/09\/54699101n-193x300.jpg 193w, https:\/\/blog.liesdoch.de\/wp-content\/uploads\/2019\/09\/54699101n.jpg 242w\" sizes=\"auto, (max-width: 193px) 100vw, 193px\" \/><\/a><\/p>\n<p>Ingo Juchler, 1989 in Deutschland. Schaupl\u00e4tze der friedlichen Revolution, be.bra Verlag 2019, ISBN 978-3-89809-158-9<\/p>\n<p>&nbsp;<\/p>\n<p>In den letzten Landtagswahlk\u00e4mpfen in Sachsen und Brandenburg ging die rechtspopulistische AfD mit dem Slogan \u201eDie Wende vollenden\u201c auf Stimmenfang und versuchte sich und ihre Politik sozusagen als Erben der friedlichen Revolution 1989 in der DDR zu verkaufen.<\/p>\n<p>&nbsp;<\/p>\n<p>Bei den schon in die Jahre gekommenen B\u00fcrgerrechtlern von damals rief das heftigen Protest hervor, der jedoch kaum zur Kenntnis genommen wurde.<\/p>\n<p>&nbsp;<\/p>\n<p>Das, was damals geschah, die Friedliche Revolution von 1989, ist vielen Menschen der Gegenwart entweder nur noch verschwommen in Erinnerung, oder sie waren damals zu jung oder noch gar nicht geboren.<\/p>\n<p>&nbsp;<\/p>\n<p>Wie kam es eigentlich dazu, dass sich die Bev\u00f6lkerung der DDR von ihrem Regime befreite?\u00a0 Das vorliegende Buch von Ingo Juchler, seit 2010 Professor f\u00fcr politische Bildung an der Universit\u00e4t in Potsdam nimmt seine Leser in Wort und Bild mit auf eine Reise zu den damals zentralen Schaupl\u00e4tzen der Protestbewegung und schildert, was dort jeweils geschehen ist und welche Bedeutung es f\u00fcr die gesamte Entwicklung hatte, bis schlie\u00dflich am 9.11.1989 die Mauer fiel.<\/p>\n<p>&nbsp;<\/p>\n<p>Die einzelnen Kapitel f\u00fchren den Leser nach Leipzig, Berlin, Dresden, Chemnitz, Plauen, Naumburg, Jena, Schwerin und andere Orte. Seine informativen Texte \u00fcber die Hintergr\u00fcnde er jeweiligen Ereignisse und zahlreiche Fotos machen das Buch zu einem wertvollen F\u00fchrer durch ein zentrales Geschehen in der j\u00fcngeren deutschen Geschichte, das nicht in Vergessenheit geraten darf oder politisch missbraucht werden darf.<\/p>\n","protected":false},"excerpt":{"rendered":"<p>&nbsp; &nbsp; Ingo Juchler, 1989 in Deutschland. Schaupl\u00e4tze der friedlichen Revolution, be.bra Verlag 2019, ISBN 978-3-89809-158-9 &nbsp; In den letzten Landtagswahlk\u00e4mpfen in Sachsen und Brandenburg ging die rechtspopulistische AfD mit dem Slogan \u201eDie Wende vollenden\u201c auf Stimmenfang und versuchte sich und ihre Politik sozusagen als Erben der friedlichen Revolution 1989 in der DDR zu verkaufen. &hellip; <a href=\"https:\/\/blog.liesdoch.de\/?p=8162\" class=\"more-link\"><span class=\"screen-reader-text\">1989 in Deutschland. Schaupl\u00e4tze der friedlichen Revolution<\/span> weiterlesen <span class=\"meta-nav\">&rarr;<\/span><\/a><\/p>\n","protected":false},"author":6,"featured_media":0,"comment_status":"closed","ping_status":"open","sticky":false,"template":"","format":"standard","meta":{"footnotes":""},"categories":[1],"tags":[],"class_list":["post-8162","post","type-post","status-publish","format-standard","hentry","category-allgemein"],"_links":{"self":[{"href":"https:\/\/blog.liesdoch.de\/index.php?rest_route=\/wp\/v2\/posts\/8162","targetHints":{"allow":["GET"]}}],"collection":[{"href":"https:\/\/blog.liesdoch.de\/index.php?rest_route=\/wp\/v2\/posts"}],"about":[{"href":"https:\/\/blog.liesdoch.de\/index.php?rest_route=\/wp\/v2\/types\/post"}],"author":[{"embeddable":true,"href":"https:\/\/blog.liesdoch.de\/index.php?rest_route=\/wp\/v2\/users\/6"}],"replies":[{"embeddable":true,"href":"https:\/\/blog.liesdoch.de\/index.php?rest_route=%2Fwp%2Fv2%2Fcomments&post=8162"}],"version-history":[{"count":1,"href":"https:\/\/blog.liesdoch.de\/index.php?rest_route=\/wp\/v2\/posts\/8162\/revisions"}],"predecessor-version":[{"id":8164,"href":"https:\/\/blog.liesdoch.de\/index.php?rest_route=\/wp\/v2\/posts\/8162\/revisions\/8164"}],"wp:attachment":[{"href":"https:\/\/blog.liesdoch.de\/index.php?rest_route=%2Fwp%2Fv2%2Fmedia&parent=8162"}],"wp:term":[{"taxonomy":"category","embeddable":true,"href":"https:\/\/blog.liesdoch.de\/index.php?rest_route=%2Fwp%2Fv2%2Fcategories&post=8162"},{"taxonomy":"post_tag","embeddable":true,"href":"https:\/\/blog.liesdoch.de\/index.php?rest_route=%2Fwp%2Fv2%2Ftags&post=8162"}],"curies":[{"name":"wp","href":"https:\/\/api.w.org\/{rel}","templated":true}]}}