{"id":8165,"date":"2019-09-10T08:10:59","date_gmt":"2019-09-10T06:10:59","guid":{"rendered":"http:\/\/blog.liesdoch.de\/?p=8165"},"modified":"2019-09-10T08:10:59","modified_gmt":"2019-09-10T06:10:59","slug":"seen-und-wasserfaelle-in-suedtirol-die-schoensten-wanderungen","status":"publish","type":"post","link":"https:\/\/blog.liesdoch.de\/?p=8165","title":{"rendered":"Seen und Wasserf\u00e4lle in S\u00fcdtirol. Die sch\u00f6nsten Wanderungen"},"content":{"rendered":"<p>&nbsp;<\/p>\n<p>&nbsp;<\/p>\n<p>&nbsp;<\/p>\n<p><a href=\"http:\/\/blog.liesdoch.de\/wp-content\/uploads\/2019\/09\/54556742n.jpg\"><img loading=\"lazy\" decoding=\"async\" class=\"alignnone size-medium wp-image-8166\" src=\"http:\/\/blog.liesdoch.de\/wp-content\/uploads\/2019\/09\/54556742n-176x300.jpg\" alt=\"\" width=\"176\" height=\"300\" srcset=\"https:\/\/blog.liesdoch.de\/wp-content\/uploads\/2019\/09\/54556742n-176x300.jpg 176w, https:\/\/blog.liesdoch.de\/wp-content\/uploads\/2019\/09\/54556742n.jpg 234w\" sizes=\"auto, (max-width: 176px) 100vw, 176px\" \/><\/a><\/p>\n<p>Anja Eichelsd\u00f6rfer, Seen und Wasserf\u00e4lle in S\u00fcdtirol. Die sch\u00f6nsten Wanderungen, Folio Verlag 2019, ISBN 978-3-85256-783-9<\/p>\n<p>&nbsp;<\/p>\n<p>In der Reihe \u201eFolio: S\u00fcdtirol erleben\u201c f\u00fchrt der vorliegenden Wanderf\u00fchrer seine Leser zu wunderbaren und malerischen Bergseen und atemberaubenden Wasserf\u00e4llen mitten in der S\u00fcdtiroler Berglandschaft.<\/p>\n<p>Anja Eichelsd\u00f6rfer, die Autorin des Buches hat die sch\u00f6nsten von ihnen pers\u00f6nlich erwandert und die Touren mit detaillierten Tourenbeschreibungen, genauen Wanderkarten sowie Angaben zu Anfahrt, Gehzeit, Schwierigkeitsgrad und Einkehrtipps f\u00fcr die perfekte Planung dokumentiert.<\/p>\n<p>&nbsp;<\/p>\n<p>Von leichten Spazierg\u00e4ngen bis zu anspruchsvollen Touren ist alles dabei. Die meisten dieser Wege liegen ruhig weitab der anderen Touristenstr\u00f6me S\u00fcdtirols.<\/p>\n<p>&nbsp;<\/p>\n<p>Wer in der n\u00e4chsten Zeit einen Besuch Tirols plant, sollte diesen kleinen und preiswerten Wanderf\u00fchrer mitnehmen und die eine oder andere Tour w\u00e4hrend des Aufenthaltes einplanen. Die faszinierenden Bilder im Buch versprechen einzigartige Erlebnisse in unber\u00fchrter und einsamer Bergnatur.<\/p>\n<p>&nbsp;<\/p>\n<p>&nbsp;<\/p>\n<p>&nbsp;<\/p>\n<p>&nbsp;<\/p>\n<p>&nbsp;<\/p>\n<p>&nbsp;<\/p>\n","protected":false},"excerpt":{"rendered":"<p>&nbsp; &nbsp; &nbsp; Anja Eichelsd\u00f6rfer, Seen und Wasserf\u00e4lle in S\u00fcdtirol. Die sch\u00f6nsten Wanderungen, Folio Verlag 2019, ISBN 978-3-85256-783-9 &nbsp; In der Reihe \u201eFolio: S\u00fcdtirol erleben\u201c f\u00fchrt der vorliegenden Wanderf\u00fchrer seine Leser zu wunderbaren und malerischen Bergseen und atemberaubenden Wasserf\u00e4llen mitten in der S\u00fcdtiroler Berglandschaft. Anja Eichelsd\u00f6rfer, die Autorin des Buches hat die sch\u00f6nsten von ihnen &hellip; <a href=\"https:\/\/blog.liesdoch.de\/?p=8165\" class=\"more-link\"><span class=\"screen-reader-text\">Seen und Wasserf\u00e4lle in S\u00fcdtirol. Die sch\u00f6nsten Wanderungen<\/span> weiterlesen <span class=\"meta-nav\">&rarr;<\/span><\/a><\/p>\n","protected":false},"author":6,"featured_media":0,"comment_status":"closed","ping_status":"open","sticky":false,"template":"","format":"standard","meta":{"footnotes":""},"categories":[1],"tags":[],"class_list":["post-8165","post","type-post","status-publish","format-standard","hentry","category-allgemein"],"_links":{"self":[{"href":"https:\/\/blog.liesdoch.de\/index.php?rest_route=\/wp\/v2\/posts\/8165","targetHints":{"allow":["GET"]}}],"collection":[{"href":"https:\/\/blog.liesdoch.de\/index.php?rest_route=\/wp\/v2\/posts"}],"about":[{"href":"https:\/\/blog.liesdoch.de\/index.php?rest_route=\/wp\/v2\/types\/post"}],"author":[{"embeddable":true,"href":"https:\/\/blog.liesdoch.de\/index.php?rest_route=\/wp\/v2\/users\/6"}],"replies":[{"embeddable":true,"href":"https:\/\/blog.liesdoch.de\/index.php?rest_route=%2Fwp%2Fv2%2Fcomments&post=8165"}],"version-history":[{"count":1,"href":"https:\/\/blog.liesdoch.de\/index.php?rest_route=\/wp\/v2\/posts\/8165\/revisions"}],"predecessor-version":[{"id":8167,"href":"https:\/\/blog.liesdoch.de\/index.php?rest_route=\/wp\/v2\/posts\/8165\/revisions\/8167"}],"wp:attachment":[{"href":"https:\/\/blog.liesdoch.de\/index.php?rest_route=%2Fwp%2Fv2%2Fmedia&parent=8165"}],"wp:term":[{"taxonomy":"category","embeddable":true,"href":"https:\/\/blog.liesdoch.de\/index.php?rest_route=%2Fwp%2Fv2%2Fcategories&post=8165"},{"taxonomy":"post_tag","embeddable":true,"href":"https:\/\/blog.liesdoch.de\/index.php?rest_route=%2Fwp%2Fv2%2Ftags&post=8165"}],"curies":[{"name":"wp","href":"https:\/\/api.w.org\/{rel}","templated":true}]}}