{"id":8174,"date":"2019-09-10T08:12:49","date_gmt":"2019-09-10T06:12:49","guid":{"rendered":"http:\/\/blog.liesdoch.de\/?p=8174"},"modified":"2019-09-10T08:12:49","modified_gmt":"2019-09-10T06:12:49","slug":"schuldig-vom-scheitern-und-wiederaufstehen","status":"publish","type":"post","link":"https:\/\/blog.liesdoch.de\/?p=8174","title":{"rendered":"Schuldig. Vom Scheitern und Wiederaufstehen"},"content":{"rendered":"<p>&nbsp;<\/p>\n<p>&nbsp;<\/p>\n<p>&nbsp;<\/p>\n<p><a href=\"http:\/\/blog.liesdoch.de\/wp-content\/uploads\/2019\/09\/56501263n.jpg\"><img loading=\"lazy\" decoding=\"async\" class=\"alignnone size-medium wp-image-8175\" src=\"http:\/\/blog.liesdoch.de\/wp-content\/uploads\/2019\/09\/56501263n-189x300.jpg\" alt=\"\" width=\"189\" height=\"300\" srcset=\"https:\/\/blog.liesdoch.de\/wp-content\/uploads\/2019\/09\/56501263n-189x300.jpg 189w, https:\/\/blog.liesdoch.de\/wp-content\/uploads\/2019\/09\/56501263n.jpg 242w\" sizes=\"auto, (max-width: 189px) 100vw, 189px\" \/><\/a><\/p>\n<p>Thomas Middelhoff, Schuldig. Vom Scheitern und Wiederaufstehen, Adeo 2019, ISBN 978-3-86334-240-1<\/p>\n<p>&nbsp;<\/p>\n<p>Er war der gro\u00dfe Top-Manager Deutschlands, der Autor des vorliegenden Buches, Thomas Middelhoff. Zun\u00e4chst f\u00fchrte er als Chef den Medienkonzern Bertelsmann, sp\u00e4ter war er Vorstandsvorsitzender der Karstadt Mutter Arcandor.\u00a0 Mit f\u00fcrstlichen Geh\u00e4ltern f\u00fchrte er ein Leben in gro\u00dfem Luxus.<\/p>\n<p>&nbsp;<\/p>\n<p>Doch ihm waren der Erfolg und das viele Geld offenbar nicht genug. 2014 wurde er wegen Untreue angeklagt und nach dem Urteilsspruch zu einer dreij\u00e4hrigen Haftstrafe noch im Gerichtssaal medienwirksam abgef\u00fchrt.<\/p>\n<p>&nbsp;<\/p>\n<p>Sein Ruf, sein Verm\u00f6gen und sehr bald auch seine Gesundheit \u2013 alles war verloren. Doch nach langem Hadern mit seinem Schicksal und der inneren Weigerung sein Scheitern und seine Fehler einzusehen, lernte er im Laufe der Haft, insbesondere bei seiner Arbeit mit behinderten Menschen in den von Bodelschwingschen Anstalten in Bethel sein eigenes Handeln zu reflektieren. Auch die R\u00fcckkehr zu seinem im Luxus und in im Glamour und der Verf\u00fchrung der Macht verloren gegangen Glauben halfen hm im Laufe der Jahre, die bittere Erfahrung des Scheiterns und der auf sich geladenen Schuld als eine Chance zu inneren Ver\u00e4nderung zu begreifen.<\/p>\n<p>&nbsp;<\/p>\n<p>&nbsp;<\/p>\n<p>Er berichtet ehrlich und schonungslos, ohne weitere Entschuldigungen zu suchen, wie er lernte seine Schuld zu akzeptieren, Stolz, Gier und Machthunger loszulassen und \u00fcber die bitteren Jahre der Haft zu seinem inneren Frieden zu finden.<\/p>\n<p>&nbsp;<\/p>\n<p>Thomas Middelhoff hat nach der Z\u00e4sur in seinem Leben, die er sicher gerne vermieden h\u00e4tte, aber schlussendlich akzeptiert hat als neue Chance, zu einem einfachen, aber intellektuell reicheren Leben gefunden. \u201eDas Leben ist heute voller Gottvertrauen und ohne \u00c4ngste. Ich bin heute bescheidener, aber gl\u00fccklicher\u2026 Meien Reputaion ist dahin, aber die Menschen begegnen mir in der \u00d6ffentlichkeit offen und respektvoll.\u201c<\/p>\n<p>&nbsp;<\/p>\n<p>Zun\u00e4chst war ich skeptisch ob einer solchen Lebensbeichte, vermutete alte Hybris in neuem B\u00fc\u00dfergewand. Aber man nimmt ihm nach dem Lesen seine L\u00e4uterung ab. Vielleicht kann es Menschen, die an anderen Formen von alter Schuld leiden, ermutigen, \u00e4hnlich offen vor sich selbst damit umzugehen.<\/p>\n<p>&nbsp;<\/p>\n<p>Was ich nicht verstanden habe: warum hat Thomas Middelhoff auf dem Coverbild die Augen geschlossen? Das passt irgendwie nicht zum Inhalt.<\/p>\n<p>&nbsp;<\/p>\n<p>&nbsp;<\/p>\n<p>&nbsp;<\/p>\n<p>&nbsp;<\/p>\n<p>&nbsp;<\/p>\n","protected":false},"excerpt":{"rendered":"<p>&nbsp; &nbsp; &nbsp; Thomas Middelhoff, Schuldig. Vom Scheitern und Wiederaufstehen, Adeo 2019, ISBN 978-3-86334-240-1 &nbsp; Er war der gro\u00dfe Top-Manager Deutschlands, der Autor des vorliegenden Buches, Thomas Middelhoff. Zun\u00e4chst f\u00fchrte er als Chef den Medienkonzern Bertelsmann, sp\u00e4ter war er Vorstandsvorsitzender der Karstadt Mutter Arcandor.\u00a0 Mit f\u00fcrstlichen Geh\u00e4ltern f\u00fchrte er ein Leben in gro\u00dfem Luxus. &nbsp; &hellip; <a href=\"https:\/\/blog.liesdoch.de\/?p=8174\" class=\"more-link\"><span class=\"screen-reader-text\">Schuldig. Vom Scheitern und Wiederaufstehen<\/span> weiterlesen <span class=\"meta-nav\">&rarr;<\/span><\/a><\/p>\n","protected":false},"author":6,"featured_media":0,"comment_status":"closed","ping_status":"open","sticky":false,"template":"","format":"standard","meta":{"footnotes":""},"categories":[1],"tags":[],"class_list":["post-8174","post","type-post","status-publish","format-standard","hentry","category-allgemein"],"_links":{"self":[{"href":"https:\/\/blog.liesdoch.de\/index.php?rest_route=\/wp\/v2\/posts\/8174","targetHints":{"allow":["GET"]}}],"collection":[{"href":"https:\/\/blog.liesdoch.de\/index.php?rest_route=\/wp\/v2\/posts"}],"about":[{"href":"https:\/\/blog.liesdoch.de\/index.php?rest_route=\/wp\/v2\/types\/post"}],"author":[{"embeddable":true,"href":"https:\/\/blog.liesdoch.de\/index.php?rest_route=\/wp\/v2\/users\/6"}],"replies":[{"embeddable":true,"href":"https:\/\/blog.liesdoch.de\/index.php?rest_route=%2Fwp%2Fv2%2Fcomments&post=8174"}],"version-history":[{"count":1,"href":"https:\/\/blog.liesdoch.de\/index.php?rest_route=\/wp\/v2\/posts\/8174\/revisions"}],"predecessor-version":[{"id":8176,"href":"https:\/\/blog.liesdoch.de\/index.php?rest_route=\/wp\/v2\/posts\/8174\/revisions\/8176"}],"wp:attachment":[{"href":"https:\/\/blog.liesdoch.de\/index.php?rest_route=%2Fwp%2Fv2%2Fmedia&parent=8174"}],"wp:term":[{"taxonomy":"category","embeddable":true,"href":"https:\/\/blog.liesdoch.de\/index.php?rest_route=%2Fwp%2Fv2%2Fcategories&post=8174"},{"taxonomy":"post_tag","embeddable":true,"href":"https:\/\/blog.liesdoch.de\/index.php?rest_route=%2Fwp%2Fv2%2Ftags&post=8174"}],"curies":[{"name":"wp","href":"https:\/\/api.w.org\/{rel}","templated":true}]}}