{"id":8216,"date":"2019-09-19T14:06:03","date_gmt":"2019-09-19T12:06:03","guid":{"rendered":"http:\/\/blog.liesdoch.de\/?p=8216"},"modified":"2019-09-19T14:06:03","modified_gmt":"2019-09-19T12:06:03","slug":"bloedes-bild","status":"publish","type":"post","link":"https:\/\/blog.liesdoch.de\/?p=8216","title":{"rendered":"Bl\u00f6des Bild"},"content":{"rendered":"<p>&nbsp;<\/p>\n<p>&nbsp;<\/p>\n<p>&nbsp;<\/p>\n<p>&nbsp;<\/p>\n<p><a href=\"http:\/\/blog.liesdoch.de\/wp-content\/uploads\/2019\/09\/56159017n.jpg\"><img loading=\"lazy\" decoding=\"async\" class=\"alignnone size-medium wp-image-8217\" src=\"http:\/\/blog.liesdoch.de\/wp-content\/uploads\/2019\/09\/56159017n-240x300.jpg\" alt=\"\" width=\"240\" height=\"300\" srcset=\"https:\/\/blog.liesdoch.de\/wp-content\/uploads\/2019\/09\/56159017n-240x300.jpg 240w, https:\/\/blog.liesdoch.de\/wp-content\/uploads\/2019\/09\/56159017n.jpg 242w\" sizes=\"auto, (max-width: 240px) 100vw, 240px\" \/><\/a><\/p>\n<p>Johanna Tydell, Emma Adbage, Bl\u00f6des Bild, Kunstmann Verlag 2019, ISBN 978-3-95614-327-4<\/p>\n<p>&nbsp;<\/p>\n<p>Die in Schweden sehr bekannte und erfolgreiche Schriftstellerin f\u00fcr Jugend- und Kinderb\u00fccher hat in ihrem hier in der deutschen \u00dcbersetzung von Maike D\u00f6rrie vorliegenden zweiten Bilderbuch eine sch\u00f6ne Geschichte erz\u00e4hlt, die allen kleinen Schwestern, gr\u00f6\u00dferen Br\u00fcdern und allen anderen Kindern, die manchmal etwas so richtig bl\u00f6d finden, sicher gefallen wird.<\/p>\n<p>&nbsp;<\/p>\n<p>Dazu tragen auch die witzigen und originellen Illustrationen von Emma Adbage bei, die die Geschichte auf ihre eigene Weise erz\u00e4hlen.<\/p>\n<p>&nbsp;<\/p>\n<p>Das Buch handelt von der kleinen Minze. Wir wissen nicht ganz genau, wie alt sie ist, nur eins steht fest: ihr Bruder Max ist drei Jahre \u00e4lter als sie. Und deshalb kann er auch vieles besser und sch\u00f6ner als Minze, zum Beispiel Malen.<\/p>\n<p>&nbsp;<\/p>\n<p>Minze m\u00f6chte auch so sch\u00f6n malen wie ihr Bruder, doch als sie, wohl an einem Wintertag, zusammen am K\u00fcchentisch sitzen, f\u00e4llt ihr noch nicht einmal etwas ein, w\u00e4hrend ihr Bruder konzentriert an seinem Bild arbeitet, um das er seinen Arm wie eine Mauer legt, dass Minze nichts abschauen kann.<\/p>\n<p>&nbsp;<\/p>\n<p>Doch dann hat Minze eine Idee: sie k\u00f6nnte doch Schnee malen. Doch wei\u00df auf wei\u00df geht nicht. Und dann geht alles schief. Kater Klas springt auf den Tisch und st\u00f6sst die Blumenvase um. W\u00e4hrend Max sein Bild rechtzeitig weggenommen hat, ist das von Minze klatschnass. Nachdem Minze es mit dem F\u00f6n getrocknet hat, sieht es furchtbar aus und aus lauter Wut kn\u00fcllt sie es zusammen und schneidet mit ihrer Schere in den Papierball hinein.<\/p>\n<p>&nbsp;<\/p>\n<p>Sie findet alles bl\u00f6d, und schaut w\u00fctend aus dem Fenster, als ihr Bruder sie ruft und ihr zeigt, was aus dem zerschnittenen Papierball geworden ist: eine perfekte Schneeflocke. Max zeigt ihr sein Bild, ein sch\u00f6nes Portr\u00e4t von Minze.<\/p>\n<p>&nbsp;<\/p>\n<p>Und dann machen sie noch mehr Schneeflocken, die sie ans Fenster h\u00e4ngen. Und Minze zeigt ihren gro\u00dfen Bruder, wie es geht.<\/p>\n<p>&nbsp;<\/p>\n<p>\u201eBl\u00f6des Bild\u201c\u00a0 ist nicht nur eine warmherzig erz\u00e4hlte und witzig illustrierte Geschichte \u00fcber Lust und Frust des kreativen Schaffens, sondern auch das wunderbare Portr\u00e4t einer kleinen Schwester, die gerne alles so gut k\u00f6nnen m\u00f6chte wie ihr Bruder und die sehr, sehr w\u00fctend wird, wenn nichts so gelingt, wie sie sich das vorstellt. Und es ist das sympathische Beispiel eines \u00e4lteren Bruders, der seine Schwester sehr lieb hat und ihr am Ende ein gro\u00dfe Freude macht, indem er ihr zeigt, dass sie viel mehr kann, als sie glaubt.<\/p>\n<p>&nbsp;<\/p>\n<p>&nbsp;<\/p>\n<p>&nbsp;<\/p>\n","protected":false},"excerpt":{"rendered":"<p>&nbsp; &nbsp; &nbsp; &nbsp; Johanna Tydell, Emma Adbage, Bl\u00f6des Bild, Kunstmann Verlag 2019, ISBN 978-3-95614-327-4 &nbsp; Die in Schweden sehr bekannte und erfolgreiche Schriftstellerin f\u00fcr Jugend- und Kinderb\u00fccher hat in ihrem hier in der deutschen \u00dcbersetzung von Maike D\u00f6rrie vorliegenden zweiten Bilderbuch eine sch\u00f6ne Geschichte erz\u00e4hlt, die allen kleinen Schwestern, gr\u00f6\u00dferen Br\u00fcdern und allen anderen &hellip; <a href=\"https:\/\/blog.liesdoch.de\/?p=8216\" class=\"more-link\"><span class=\"screen-reader-text\">Bl\u00f6des Bild<\/span> weiterlesen <span class=\"meta-nav\">&rarr;<\/span><\/a><\/p>\n","protected":false},"author":6,"featured_media":0,"comment_status":"closed","ping_status":"open","sticky":false,"template":"","format":"standard","meta":{"footnotes":""},"categories":[1],"tags":[],"class_list":["post-8216","post","type-post","status-publish","format-standard","hentry","category-allgemein"],"_links":{"self":[{"href":"https:\/\/blog.liesdoch.de\/index.php?rest_route=\/wp\/v2\/posts\/8216","targetHints":{"allow":["GET"]}}],"collection":[{"href":"https:\/\/blog.liesdoch.de\/index.php?rest_route=\/wp\/v2\/posts"}],"about":[{"href":"https:\/\/blog.liesdoch.de\/index.php?rest_route=\/wp\/v2\/types\/post"}],"author":[{"embeddable":true,"href":"https:\/\/blog.liesdoch.de\/index.php?rest_route=\/wp\/v2\/users\/6"}],"replies":[{"embeddable":true,"href":"https:\/\/blog.liesdoch.de\/index.php?rest_route=%2Fwp%2Fv2%2Fcomments&post=8216"}],"version-history":[{"count":1,"href":"https:\/\/blog.liesdoch.de\/index.php?rest_route=\/wp\/v2\/posts\/8216\/revisions"}],"predecessor-version":[{"id":8218,"href":"https:\/\/blog.liesdoch.de\/index.php?rest_route=\/wp\/v2\/posts\/8216\/revisions\/8218"}],"wp:attachment":[{"href":"https:\/\/blog.liesdoch.de\/index.php?rest_route=%2Fwp%2Fv2%2Fmedia&parent=8216"}],"wp:term":[{"taxonomy":"category","embeddable":true,"href":"https:\/\/blog.liesdoch.de\/index.php?rest_route=%2Fwp%2Fv2%2Fcategories&post=8216"},{"taxonomy":"post_tag","embeddable":true,"href":"https:\/\/blog.liesdoch.de\/index.php?rest_route=%2Fwp%2Fv2%2Ftags&post=8216"}],"curies":[{"name":"wp","href":"https:\/\/api.w.org\/{rel}","templated":true}]}}