{"id":8222,"date":"2019-09-19T14:07:32","date_gmt":"2019-09-19T12:07:32","guid":{"rendered":"http:\/\/blog.liesdoch.de\/?p=8222"},"modified":"2019-09-19T14:07:32","modified_gmt":"2019-09-19T12:07:32","slug":"mein-papa-ist-der-groesste-der-welt","status":"publish","type":"post","link":"https:\/\/blog.liesdoch.de\/?p=8222","title":{"rendered":"Mein Papa ist der gr\u00f6\u00dfte der Welt"},"content":{"rendered":"<p>&nbsp;<\/p>\n<p><a href=\"http:\/\/blog.liesdoch.de\/wp-content\/uploads\/2019\/09\/55881074n.jpg\"><img loading=\"lazy\" decoding=\"async\" class=\"alignnone size-medium wp-image-8223\" src=\"http:\/\/blog.liesdoch.de\/wp-content\/uploads\/2019\/09\/55881074n-217x300.jpg\" alt=\"\" width=\"217\" height=\"300\" srcset=\"https:\/\/blog.liesdoch.de\/wp-content\/uploads\/2019\/09\/55881074n-217x300.jpg 217w, https:\/\/blog.liesdoch.de\/wp-content\/uploads\/2019\/09\/55881074n.jpg 242w\" sizes=\"auto, (max-width: 217px) 100vw, 217px\" \/><\/a><\/p>\n<p>Daan Remmerts de Vries, Marije Tolman, Mein Papa ist der gr\u00f6\u00dfte der Welt, Gerstenberg 2019, ISBN 978-3-8369-6004-5<\/p>\n<p>&nbsp;<\/p>\n<p>Lynn wird wie jeden Morgen von ihrem Papa in den Kindergarten gebracht. Sie fahren mit dem Fahrrad und der Wind zerw\u00fchlt Papas Haare. Das findet Lynn lustig und die B\u00e4ume auch. Lynn wird von Frau Merklebach, ihrer Erzieherin in Empfang genommen du Papa muss schnell los.<\/p>\n<p>&nbsp;<\/p>\n<p>W\u00e4hrend Lynn zuerst im Stuhlkreis und dann an einem Tisch sitzt und malt, denkt sie in gereimten Versen dar\u00fcber nach, was ihr Papa eigentlich tut, w\u00e4hrend sie im Kindergarten ist. Ihr ist schnell klar: ihr Papa rettet die Welt, denn er ist der gr\u00f6\u00dfte Held der Welt. Zuerst besiegt er in Afrika ein Gruselmonsterbiest, das aussieht wie eine Kuh. Dann fliegt er nach Mexiko, wo er vom dortigen Pr\u00e4sidenten schon dringend erwartet wird, der seine Hilfe braucht. Und dann ist da noch ein Dieb auf einem Hochhausdach\u2026<\/p>\n<p>&nbsp;<\/p>\n<p>Lynns gereimte Phantasie ist schier grenzenlos und die preisgekr\u00f6nte K\u00fcnstlerin Marije Tolman l\u00e4sst in traumhaften Bildern Realit\u00e4t und kindliche Vorstellungswelt flie\u00dfend ineinander \u00fcbergehen. Doch Lynns Papa ist nat\u00fcrlich rechtzeitig am Kindergarten zur\u00fcck um sie nachmittags wieder abzuholen.<\/p>\n<p>&nbsp;<\/p>\n<p>Das Bilderbuch ist eine Hommage an die kindliche Phantasie und ein sch\u00f6nes Beispiel f\u00fcr die Bedeutung, die V\u00e4ter f\u00fcr ihre kleinen Kinder haben.<\/p>\n<p>&nbsp;<\/p>\n<p>&nbsp;<\/p>\n<p>&nbsp;<\/p>\n","protected":false},"excerpt":{"rendered":"<p>&nbsp; Daan Remmerts de Vries, Marije Tolman, Mein Papa ist der gr\u00f6\u00dfte der Welt, Gerstenberg 2019, ISBN 978-3-8369-6004-5 &nbsp; Lynn wird wie jeden Morgen von ihrem Papa in den Kindergarten gebracht. Sie fahren mit dem Fahrrad und der Wind zerw\u00fchlt Papas Haare. Das findet Lynn lustig und die B\u00e4ume auch. Lynn wird von Frau Merklebach, &hellip; <a href=\"https:\/\/blog.liesdoch.de\/?p=8222\" class=\"more-link\"><span class=\"screen-reader-text\">Mein Papa ist der gr\u00f6\u00dfte der Welt<\/span> weiterlesen <span class=\"meta-nav\">&rarr;<\/span><\/a><\/p>\n","protected":false},"author":6,"featured_media":0,"comment_status":"closed","ping_status":"open","sticky":false,"template":"","format":"standard","meta":{"footnotes":""},"categories":[1],"tags":[],"class_list":["post-8222","post","type-post","status-publish","format-standard","hentry","category-allgemein"],"_links":{"self":[{"href":"https:\/\/blog.liesdoch.de\/index.php?rest_route=\/wp\/v2\/posts\/8222","targetHints":{"allow":["GET"]}}],"collection":[{"href":"https:\/\/blog.liesdoch.de\/index.php?rest_route=\/wp\/v2\/posts"}],"about":[{"href":"https:\/\/blog.liesdoch.de\/index.php?rest_route=\/wp\/v2\/types\/post"}],"author":[{"embeddable":true,"href":"https:\/\/blog.liesdoch.de\/index.php?rest_route=\/wp\/v2\/users\/6"}],"replies":[{"embeddable":true,"href":"https:\/\/blog.liesdoch.de\/index.php?rest_route=%2Fwp%2Fv2%2Fcomments&post=8222"}],"version-history":[{"count":1,"href":"https:\/\/blog.liesdoch.de\/index.php?rest_route=\/wp\/v2\/posts\/8222\/revisions"}],"predecessor-version":[{"id":8224,"href":"https:\/\/blog.liesdoch.de\/index.php?rest_route=\/wp\/v2\/posts\/8222\/revisions\/8224"}],"wp:attachment":[{"href":"https:\/\/blog.liesdoch.de\/index.php?rest_route=%2Fwp%2Fv2%2Fmedia&parent=8222"}],"wp:term":[{"taxonomy":"category","embeddable":true,"href":"https:\/\/blog.liesdoch.de\/index.php?rest_route=%2Fwp%2Fv2%2Fcategories&post=8222"},{"taxonomy":"post_tag","embeddable":true,"href":"https:\/\/blog.liesdoch.de\/index.php?rest_route=%2Fwp%2Fv2%2Ftags&post=8222"}],"curies":[{"name":"wp","href":"https:\/\/api.w.org\/{rel}","templated":true}]}}